{"id":42415,"date":"2018-07-23T16:18:35","date_gmt":"2018-07-23T19:18:35","guid":{"rendered":"http:\/\/catolicanet.net\/wp-cnet\/?p=42415"},"modified":"2018-07-23T16:18:35","modified_gmt":"2018-07-23T19:18:35","slug":"evento-fe-e-razao-em-edith-stein","status":"publish","type":"post","link":"https:\/\/catolicanet.net\/wp-cnet\/evento-fe-e-razao-em-edith-stein\/","title":{"rendered":"Evento F\u00e9 e Raz\u00e3o em Edith Stein"},"content":{"rendered":"<p>Fonte: N\u00facleo F\u00e9 e Cultura<\/p>\n","protected":false},"excerpt":{"rendered":"<p>Fonte: N\u00facleo F\u00e9 e Cultura<\/p>\n","protected":false},"author":1,"featured_media":42416,"comment_status":"open","ping_status":"closed","sticky":false,"template":"","format":"standard","meta":{"footnotes":""},"categories":[13],"tags":[],"class_list":["post-42415","post","type-post","status-publish","format-standard","has-post-thumbnail","hentry","category-featured"],"_links":{"self":[{"href":"https:\/\/catolicanet.net\/wp-cnet\/wp-json\/wp\/v2\/posts\/42415","targetHints":{"allow":["GET"]}}],"collection":[{"href":"https:\/\/catolicanet.net\/wp-cnet\/wp-json\/wp\/v2\/posts"}],"about":[{"href":"https:\/\/catolicanet.net\/wp-cnet\/wp-json\/wp\/v2\/types\/post"}],"author":[{"embeddable":true,"href":"https:\/\/catolicanet.net\/wp-cnet\/wp-json\/wp\/v2\/users\/1"}],"replies":[{"embeddable":true,"href":"https:\/\/catolicanet.net\/wp-cnet\/wp-json\/wp\/v2\/comments?post=42415"}],"version-history":[{"count":1,"href":"https:\/\/catolicanet.net\/wp-cnet\/wp-json\/wp\/v2\/posts\/42415\/revisions"}],"predecessor-version":[{"id":42417,"href":"https:\/\/catolicanet.net\/wp-cnet\/wp-json\/wp\/v2\/posts\/42415\/revisions\/42417"}],"wp:featuredmedia":[{"embeddable":true,"href":"https:\/\/catolicanet.net\/wp-cnet\/wp-json\/wp\/v2\/media\/42416"}],"wp:attachment":[{"href":"https:\/\/catolicanet.net\/wp-cnet\/wp-json\/wp\/v2\/media?parent=42415"}],"wp:term":[{"taxonomy":"category","embeddable":true,"href":"https:\/\/catolicanet.net\/wp-cnet\/wp-json\/wp\/v2\/categories?post=42415"},{"taxonomy":"post_tag","embeddable":true,"href":"https:\/\/catolicanet.net\/wp-cnet\/wp-json\/wp\/v2\/tags?post=42415"}],"curies":[{"name":"wp","href":"https:\/\/api.w.org\/{rel}","templated":true}]}}