{"id":42412,"date":"2018-07-23T14:55:34","date_gmt":"2018-07-23T17:55:34","guid":{"rendered":"http:\/\/catolicanet.net\/wp-cnet\/?p=42412"},"modified":"2018-07-23T14:55:34","modified_gmt":"2018-07-23T17:55:34","slug":"santa-se-defende-regulamentacao-da-exploracao-de-recursos-minerais-nos-oceanos","status":"publish","type":"post","link":"https:\/\/catolicanet.net\/wp-cnet\/santa-se-defende-regulamentacao-da-exploracao-de-recursos-minerais-nos-oceanos\/","title":{"rendered":"Santa S\u00e9 defende regulamenta\u00e7\u00e3o da explora\u00e7\u00e3o de recursos minerais nos oceanos"},"content":{"rendered":"<div class=\"article__subTitle\">O observador permanente da Santa S\u00e9 na ONU, Dom Bernard Auza, pronunciou-se na 24\u00aa sess\u00e3o anual da Autoridade Internacional dos Fundos Marinhos (Isa), realizada em Kingston, Jamaica, ilustrando a posi\u00e7\u00e3o da Santa S\u00e9 em rela\u00e7\u00e3o \u00e0s atividades de minera\u00e7\u00e3o nos oceanos.<\/div>\n<div class=\"title__separator\"><\/div>\n<div class=\"article__text\">\n<p><b>Lisa Zengarini &#8211; Cidade do Vaticano<\/b><\/p>\n<p>A Santa S\u00e9 apoia os esfor\u00e7os para que se elabore uma regula\u00e7\u00e3o internacional da explora\u00e7\u00e3o de recursos minerais nos mares, a fim de proteger o patrim\u00f4nio comum da humanidade.<\/p>\n<p>Se, por um lado, \u00e9 compreens\u00edvel a necessidade de mais recursos minerais para atender ao aumento da demanda, por outro &#8220;as incertezas e os riscos que estas novas atividades extrativas representam para o ambiente no fundo do mar, requer um estudo e um debate aprofundado para minimizar, mitigar e eliminar quaisquer consequ\u00eancias negativas&#8221;.\u00a0 Foi o que defendeu Dom Bernardito Auza, observador permanente da Santa S\u00e9 na ONU, ao pronunciar-se na 24\u00aa sess\u00e3o anual da Autoridade Internacional dos Fundos Marinhos (Isa), realizada na \u00faltima semana em Kingston, Jamaica.<\/p>\n<h2>Progressos para uma uma regulamenta\u00e7\u00e3o da explora\u00e7\u00e3o do fundo do mar<\/h2>\n<h2><\/h2>\n<p>Em seu discurso, Dom Auza &#8211; que levou aos participantes a sauda\u00e7\u00e3o do Papa Francisco &#8211; avaliou como positivos os progressos na discuss\u00e3o sobre os desafios regulat\u00f3rios, financeiros, tecnol\u00f3gicos, sociais e ambientais apresentados pelas atividades de minera\u00e7\u00e3o no fundo do mar.\u00a0 O arcebispo tamb\u00e9m chamou a aten\u00e7\u00e3o para algumas quest\u00f5es consideradas essenciais pela Santa S\u00e9 para regulamentar a explora\u00e7\u00e3o destes recursos.<\/p>\n<h2>Dar prioridade \u00e0 tutela da vida humana e do ambiente marinho<\/h2>\n<h2><\/h2>\n<p>De acordo com a delega\u00e7\u00e3o da Santa S\u00e9, esta regulamenta\u00e7\u00e3o deveria antes de tudo considerar o impacto das atividades extrativas sobre a vida e os recursos alimentares das popula\u00e7\u00f5es costeiras atingidas: &#8220;A prote\u00e7\u00e3o da vida humana e do ambiente marinho &#8211; reiterou Dom Auza &#8211; deve prevalecer sobre as considera\u00e7\u00f5es econ\u00f4micas e comerciais&#8221;.<\/p>\n<h2>Avaliar a rela\u00e7\u00e3o custo-benef\u00edcio<\/h2>\n<h2><\/h2>\n<p>A Santa S\u00e9 pede tamb\u00e9m uma maior clareza na defini\u00e7\u00e3o dos custos ambientais que as empresas extrativistas s\u00e3o obrigadas a assumir para reparar os danos causados \u200b\u200bnas \u00e1reas protegidas. Neste sentido, \u00e9 necess\u00e1rio analisar o impacto global e de longo prazo das atividades de minera\u00e7\u00e3o antes da abertura de novas jazidas. Trata-se, em outras palavras, de avaliar atentamente a rela\u00e7\u00e3o custo-benef\u00edcio.<\/p>\n<h2>Partilhar as melhores pr\u00e1ticas para reduzir os danos ambientais para o mar<\/h2>\n<h2><\/h2>\n<p>Al\u00e9m disso &#8211; continuou Dom Auza &#8211; \u00e9 desej\u00e1vel incentivar a partilha das tecnologias extrativistas mais avan\u00e7adas e das melhores pr\u00e1ticas recomendadas para reduzir ao m\u00e1ximo o impacto da explora\u00e7\u00e3o de recursos minerais nos mares.<\/p>\n<h2>Tornar operacional a coopera\u00e7\u00e3o entre as partes interessadas<\/h2>\n<h2><\/h2>\n<p>Outro ponto destacado pelo observador vaticano refere-se &#8220;aos potenciais efeitos sociais negativos&#8221; das atividades de minera\u00e7\u00e3o marinha. A este respeito &#8211; afirmou &#8211; a delega\u00e7\u00e3o da Santa S\u00e9 encoraja a Autoridade Internacional dos Fundos Marinhos a tornar operacionais os princ\u00edpios de &#8220;coopera\u00e7\u00e3o, coordena\u00e7\u00e3o, transpar\u00eancia e envolvimento de todas as partes interessadas&#8221;, em um quadro regulamentar claro, que tamb\u00e9m preveja como evitar situa\u00e7\u00f5es que poderiam gerar conflitos.<\/p>\n<h2>Sim para uma regulamenta\u00e7\u00e3o para as atividades de minera\u00e7\u00e3o nos mares<\/h2>\n<h2><\/h2>\n<p>Por fim &#8211; concluiu Dom Auza &#8211; a Santa S\u00e9 encoraja o desenvolvimento de uma pol\u00edtica ambiental global neste \u00e2mbito, pedindo por\u00e9m mais clareza sobre os poderes para suspender os contratos de extra\u00e7\u00e3o no caso em que &#8220;o dano ambiental da atividade extrativa atinja n\u00edveis inaceit\u00e1veis.&#8221;<\/p>\n<h2>Um organismo independente criado pela ONU em 1994<\/h2>\n<h2><\/h2>\n<p>A autoridade Internacional dos Fundos Marinhos \u00e9 um organismo intergovernamental criado em 1994 pela Organiza\u00e7\u00e3o das Na\u00e7\u00f5es Unidas para organizar e controlar as atividades relacionadas com \u00e0 gest\u00e3o dos recursos minerais na \u00e1rea mar\u00edtima fora das jurisdi\u00e7\u00f5es nacionais, e \u00e9 hoje um organismo independente que re\u00fane os Estados que aderiram \u00e0 Conven\u00e7\u00e3o das Na\u00e7\u00f5es Unidas sobre o direito do mar.<\/p>\n<\/div>\n<p>&nbsp;<\/p>\n<p>Fonte: R\u00e1dio Vaticano<\/p>\n","protected":false},"excerpt":{"rendered":"<p>O observador permanente da Santa S\u00e9 na ONU, Dom Bernard Auza, pronunciou-se na 24\u00aa sess\u00e3o anual da Autoridade Internacional dos Fundos Marinhos (Isa), realizada em Kingston, Jamaica, ilustrando a posi\u00e7\u00e3o da Santa S\u00e9 em rela\u00e7\u00e3o \u00e0s atividades de minera\u00e7\u00e3o nos oceanos. Lisa Zengarini &#8211; Cidade do Vaticano A Santa S\u00e9 apoia os esfor\u00e7os para que [&hellip;]<\/p>\n","protected":false},"author":1,"featured_media":42413,"comment_status":"open","ping_status":"closed","sticky":false,"template":"","format":"standard","meta":{"footnotes":""},"categories":[3],"tags":[],"class_list":["post-42412","post","type-post","status-publish","format-standard","has-post-thumbnail","hentry","category-vaticano"],"_links":{"self":[{"href":"https:\/\/catolicanet.net\/wp-cnet\/wp-json\/wp\/v2\/posts\/42412","targetHints":{"allow":["GET"]}}],"collection":[{"href":"https:\/\/catolicanet.net\/wp-cnet\/wp-json\/wp\/v2\/posts"}],"about":[{"href":"https:\/\/catolicanet.net\/wp-cnet\/wp-json\/wp\/v2\/types\/post"}],"author":[{"embeddable":true,"href":"https:\/\/catolicanet.net\/wp-cnet\/wp-json\/wp\/v2\/users\/1"}],"replies":[{"embeddable":true,"href":"https:\/\/catolicanet.net\/wp-cnet\/wp-json\/wp\/v2\/comments?post=42412"}],"version-history":[{"count":1,"href":"https:\/\/catolicanet.net\/wp-cnet\/wp-json\/wp\/v2\/posts\/42412\/revisions"}],"predecessor-version":[{"id":42414,"href":"https:\/\/catolicanet.net\/wp-cnet\/wp-json\/wp\/v2\/posts\/42412\/revisions\/42414"}],"wp:featuredmedia":[{"embeddable":true,"href":"https:\/\/catolicanet.net\/wp-cnet\/wp-json\/wp\/v2\/media\/42413"}],"wp:attachment":[{"href":"https:\/\/catolicanet.net\/wp-cnet\/wp-json\/wp\/v2\/media?parent=42412"}],"wp:term":[{"taxonomy":"category","embeddable":true,"href":"https:\/\/catolicanet.net\/wp-cnet\/wp-json\/wp\/v2\/categories?post=42412"},{"taxonomy":"post_tag","embeddable":true,"href":"https:\/\/catolicanet.net\/wp-cnet\/wp-json\/wp\/v2\/tags?post=42412"}],"curies":[{"name":"wp","href":"https:\/\/api.w.org\/{rel}","templated":true}]}}