{"id":42392,"date":"2018-07-23T10:38:12","date_gmt":"2018-07-23T13:38:12","guid":{"rendered":"http:\/\/catolicanet.net\/wp-cnet\/?p=42392"},"modified":"2018-07-23T10:38:12","modified_gmt":"2018-07-23T13:38:12","slug":"perigo-do-imediatismo","status":"publish","type":"post","link":"https:\/\/catolicanet.net\/wp-cnet\/perigo-do-imediatismo\/","title":{"rendered":"Perigo do imediatismo"},"content":{"rendered":"<p>O perigo, nesse caso, est\u00e1 ligado ao fato da tend\u00eancia para a simplifica\u00e7\u00e3o de tudo que \u00e9 realizado. Tamb\u00e9m na maneira de proceder no agir, n\u00e3o levando em conta a exist\u00eancia das media\u00e7\u00f5es, e agir em fun\u00e7\u00e3o daquilo que oferece vantagens imediatas. Acontece que fica de fora a preocupa\u00e7\u00e3o com as poss\u00edveis consequ\u00eancias, normalmente prejudiciais para as pessoas em quest\u00e3o.<\/p>\n<p>Jesus procurou n\u00e3o ser imediatista com os Ap\u00f3stolos. Fez com eles uma trajet\u00f3ria de aprendizado fraterno, de conviv\u00eancia e de fortalecimento de v\u00ednculo entre eles. Na vida do povo nada muda com muita rapidez. Os passos s\u00e3o lentos, mas devem ser ascendentes, como uma constru\u00e7\u00e3o que come\u00e7a numa base bem trabalhada para dar firmeza e estrutura ao o que vai ser feito a partir dali.<\/p>\n<p>N\u00e3o ser imediatista n\u00e3o significa deixar tudo para depois, acabando por n\u00e3o fazer nada. A rapidez pode ser inimiga da perfei\u00e7\u00e3o e levar a resultados inseguros. Somente Deus \u00e9 a perfei\u00e7\u00e3o, seja no mediatismo como tamb\u00e9m no imediatismo. As a\u00e7\u00f5es das pessoas devem ser planejadas, apoiadas racionalmente nas experi\u00eancias concretas que deram bons resultados em momentos passados.<\/p>\n<p>A Igreja procura n\u00e3o agir com imediatismo. \u00c0s vezes \u00e9 at\u00e9 interpretada como lenta demais e que chega sempre depois da hora. Ela procura ouvir um pouco a voz do Esp\u00edrito Santo, que n\u00e3o age no frenetismo e na correria. O tempo \u00e9 fundamental nos momentos mais decisivos, mas com crit\u00e9rios bem racionais e apoiados em bases s\u00f3lidas, fazendo com que ela consiga errar menos e acertar mais.<\/p>\n<p>Em muitos fatos da Sagrada Escritura, ligados \u00e0 a\u00e7\u00e3o de Jesus Cristo, foram realizados com o seu poder divino, mas sempre apoiados nos fundamentos da f\u00e9 da pessoa. \u00c9 por isso que Ele diz: \u201cA tua f\u00e9 te salvou\u201d. A f\u00e9 n\u00e3o \u00e9 imediatista, porque ela \u00e9 fruto e sinal de uma busca pessoal e de confian\u00e7a no poder curador de Deus. Essa experi\u00eancia de Deus na vida faz acontecer o milagre da cura.<\/p>\n<p>A pr\u00e1tica do mediatismo \u00e9 pr\u00f3pria de pessoas respons\u00e1veis, justas e preocupadas com a autenticidade de seu fazer. N\u00e3o significa agir somente por boa vontade, mas comprometido com as exig\u00eancias do momento hist\u00f3rico. Devemos avaliar o agir das atuais autoridades e cobrar delas transpar\u00eancia e responsabilidade. Para as pr\u00f3ximas elei\u00e7\u00f5es n\u00e3o agir com imediatismo, mas conhecer o candidato.<\/p>\n","protected":false},"excerpt":{"rendered":"<p>O perigo, nesse caso, est\u00e1 ligado ao fato da tend\u00eancia para a simplifica\u00e7\u00e3o de tudo que \u00e9 realizado. Tamb\u00e9m na maneira de proceder no agir, n\u00e3o levando em conta a exist\u00eancia das media\u00e7\u00f5es, e agir em fun\u00e7\u00e3o daquilo que oferece vantagens imediatas. Acontece que fica de fora a preocupa\u00e7\u00e3o com as poss\u00edveis consequ\u00eancias, normalmente prejudiciais [&hellip;]<\/p>\n","protected":false},"author":11,"featured_media":32781,"comment_status":"open","ping_status":"closed","sticky":false,"template":"","format":"standard","meta":{"footnotes":""},"categories":[9],"tags":[],"class_list":["post-42392","post","type-post","status-publish","format-standard","has-post-thumbnail","hentry","category-artigos"],"_links":{"self":[{"href":"https:\/\/catolicanet.net\/wp-cnet\/wp-json\/wp\/v2\/posts\/42392","targetHints":{"allow":["GET"]}}],"collection":[{"href":"https:\/\/catolicanet.net\/wp-cnet\/wp-json\/wp\/v2\/posts"}],"about":[{"href":"https:\/\/catolicanet.net\/wp-cnet\/wp-json\/wp\/v2\/types\/post"}],"author":[{"embeddable":true,"href":"https:\/\/catolicanet.net\/wp-cnet\/wp-json\/wp\/v2\/users\/11"}],"replies":[{"embeddable":true,"href":"https:\/\/catolicanet.net\/wp-cnet\/wp-json\/wp\/v2\/comments?post=42392"}],"version-history":[{"count":1,"href":"https:\/\/catolicanet.net\/wp-cnet\/wp-json\/wp\/v2\/posts\/42392\/revisions"}],"predecessor-version":[{"id":42393,"href":"https:\/\/catolicanet.net\/wp-cnet\/wp-json\/wp\/v2\/posts\/42392\/revisions\/42393"}],"wp:featuredmedia":[{"embeddable":true,"href":"https:\/\/catolicanet.net\/wp-cnet\/wp-json\/wp\/v2\/media\/32781"}],"wp:attachment":[{"href":"https:\/\/catolicanet.net\/wp-cnet\/wp-json\/wp\/v2\/media?parent=42392"}],"wp:term":[{"taxonomy":"category","embeddable":true,"href":"https:\/\/catolicanet.net\/wp-cnet\/wp-json\/wp\/v2\/categories?post=42392"},{"taxonomy":"post_tag","embeddable":true,"href":"https:\/\/catolicanet.net\/wp-cnet\/wp-json\/wp\/v2\/tags?post=42392"}],"curies":[{"name":"wp","href":"https:\/\/api.w.org\/{rel}","templated":true}]}}