{"id":42390,"date":"2018-07-23T10:29:13","date_gmt":"2018-07-23T13:29:13","guid":{"rendered":"http:\/\/catolicanet.net\/wp-cnet\/?p=42390"},"modified":"2018-07-23T10:29:13","modified_gmt":"2018-07-23T13:29:13","slug":"a-misericordia-de-jesus","status":"publish","type":"post","link":"https:\/\/catolicanet.net\/wp-cnet\/a-misericordia-de-jesus\/","title":{"rendered":"A miseric\u00f3rdia de Jesus"},"content":{"rendered":"<p>Diante da multid\u00e3o que viera ter com Ele do outro lado do mar da Galileia Jesus disse a Filipe: \u201cOnde compremos p\u00e3es para que esses tenham o que comer?\u201d (Jo 6,1-15). As solu\u00e7\u00f5es humanas eram prec\u00e1rias e deu-se ent\u00e3o a multiplica\u00e7\u00e3o dos p\u00e3es e dos peixes. Uma primeira reflex\u00e3o que esse epis\u00f3dio oferece \u00e9 que a religi\u00e3o de Cristo n\u00e3o um vago idealismo, um espiritualismo desencarnado. H\u00e1 no cristianismo uma estreita rela\u00e7\u00e3o entre Deus e todo o ser humano, corpo e esp\u00edrito. Atrav\u00e9s do alimento oferecido por Jesus a quase cinco mil pessoas o divino Redentor mostrou a aten\u00e7\u00e3o para com a vida. A Ele n\u00e3o agrada nunca a fome de sua criatura. Deseja sempre uma exist\u00eancia venturosa por meio do uso adequado dos bens terrestres. Infelizmente nem todos sabem bem se aproveitar de tudo que o Criador lhes oferece, al\u00e9m do problema mundial de multid\u00f5es em tantas regi\u00f5es que morrem por n\u00e3o ter o que comer. \u00c9 um desafio para todos os crist\u00e3os o desenvolvimento solid\u00e1rio. A Igreja nunca ficou indiferente perante aqueles que n\u00e3o t\u00eam um m\u00ednimo que \u00e9 necess\u00e1rio para a manuten\u00e7\u00e3o da vida, ou seja, multid\u00e3o de famintos constitu\u00edda por crian\u00e7as, mulheres, idosos, imigrantes, desempregados. Admir\u00e1vel a solicitude dos crist\u00e3os de todos os tempos testemunhando a seus irm\u00e3os necessitados o amor de Cristo dentro da l\u00f3gica do Evangelho. Seguidores de Cristo sempre lutando contra a desigualdade social, fruto da ambi\u00e7\u00e3o dos poderosos. Felizmente, as obras sociais t\u00e3o numerosas em todas as Par\u00f3quias fazem eco a esta a\u00e7\u00e3o misericordiosa e cada um de n\u00f3s deve colaborar neste esfor\u00e7o para que atender aos mais carentes. Trata-se da for\u00e7a da partilha numa a\u00e7\u00e3o caritativa inteligente por interm\u00e9dio daqueles que se organizam como fazem, por exemplo, os Vicentinos, para ir de encontro aos mais necessitados que precisam restaurar sua sa\u00fade, sua dignidade, sua vida. As obras sociais oferecem uma maneira de um doar consequente, ou seja, doa\u00e7\u00e3o para aqueles que, realmente, passam por dificuldades e n\u00e3o se entregam \u00e0 indol\u00eancia. Trata-se de fazer o imposs\u00edvel com o poss\u00edvel de cada um, inclusive evitando gastos sup\u00e9rfluos para poder ajudar os outros. Deus quer ter necessidade de cada um de n\u00f3s para agir em benef\u00edcio do pr\u00f3ximo. Ele n\u00e3o dispensa nunca a media\u00e7\u00e3o humana e o menor dos gestos de caridade ajudam a transformar a comunidade na qual se vive. No epis\u00f3dio da multiplica\u00e7\u00e3o dos p\u00e3es e dos peixes percebe-se a fecundidade da partilha.\u00a0 Diz o Evangelista que Jesus tomou cinco p\u00e3es e dois peixes e os multiplicou para todos que ali se achavam e todos ficaram saciados. A coopera\u00e7\u00e3o com as obras sociais da Igreja n\u00e3o apenas permitem a muitos restaurar suas for\u00e7as f\u00edsicas, mas tamb\u00e9m engrandece a quem faz para isto suas ofertas generosas. \u00c9 o que bem exprime do axioma: \u201cH\u00e1 mais alegria em ofertar do que em receber\u201d. A partilha n\u00e3o \u00e9 somente uma exig\u00eancia vital para o pr\u00f3ximo, mas o \u00fanico caminho de uma fecundidade pessoal e coletiva, comunit\u00e1ria. Por isto nem se pode esquecer tamb\u00e9m o significado eucar\u00edstico do epis\u00f3dio do Evangelho de hoje. Jesus operou um grande milagre saciando a fome daquela multid\u00e3o que se reunira em torno dele. Entretanto muito mais admir\u00e1vel atrav\u00e9s dos tempos \u00e9 a multiplica\u00e7\u00e3o de seu corpo, sangue, alma e divindade atrav\u00e9s da Eucaristia visando saciar a fome espiritual de seus seguidores. Ele afirmaria: \u201cEu sou o p\u00e3o da vida, Quem come deste p\u00e3o viver\u00e1 eternamente\u201d. O que Ele afian\u00e7ou se deu na \u00faltima ceia, quando, tomando o p\u00e3o em suas m\u00e3os deu esta ordem aos ap\u00f3stolos e a todos os seus seguidores: \u201cTomai e comei, isto \u00e9 o meu corpo\u201d. Para os males espirituais, para a caminhada rumo \u00e0 vida eterna o crist\u00e3o se sustenta com este alimento celestial. Cumpre ent\u00e3o a cada um ter fome de Deus. A Eucaristia \u00e9 o p\u00e3o para esta jornada terrestre rumo \u00e0 Jerusal\u00e9m celeste. Cumpre mentalizar o que diz um dos mais belos c\u00e2nticos eucar\u00edsticos: \u201cSe o homem deseja viver feliz, n\u00e3o deixe de ouvir o que a Igreja diz: procure sempre se aproximar do Deus feito p\u00e3o para nos salvar. Quem come este p\u00e3o sempre viver\u00e1, pois Deus nos convida a ressuscitar. Oh! Vinde todos, comei tamb\u00e9m o p\u00e3o que encerra o sumo bem<em>\u201d<\/em><\/p>\n","protected":false},"excerpt":{"rendered":"<p>Diante da multid\u00e3o que viera ter com Ele do outro lado do mar da Galileia Jesus disse a Filipe: \u201cOnde compremos p\u00e3es para que esses tenham o que comer?\u201d (Jo 6,1-15). As solu\u00e7\u00f5es humanas eram prec\u00e1rias e deu-se ent\u00e3o a multiplica\u00e7\u00e3o dos p\u00e3es e dos peixes. Uma primeira reflex\u00e3o que esse epis\u00f3dio oferece \u00e9 que [&hellip;]<\/p>\n","protected":false},"author":7,"featured_media":32782,"comment_status":"open","ping_status":"closed","sticky":false,"template":"","format":"standard","meta":{"footnotes":""},"categories":[9],"tags":[],"class_list":["post-42390","post","type-post","status-publish","format-standard","has-post-thumbnail","hentry","category-artigos"],"_links":{"self":[{"href":"https:\/\/catolicanet.net\/wp-cnet\/wp-json\/wp\/v2\/posts\/42390","targetHints":{"allow":["GET"]}}],"collection":[{"href":"https:\/\/catolicanet.net\/wp-cnet\/wp-json\/wp\/v2\/posts"}],"about":[{"href":"https:\/\/catolicanet.net\/wp-cnet\/wp-json\/wp\/v2\/types\/post"}],"author":[{"embeddable":true,"href":"https:\/\/catolicanet.net\/wp-cnet\/wp-json\/wp\/v2\/users\/7"}],"replies":[{"embeddable":true,"href":"https:\/\/catolicanet.net\/wp-cnet\/wp-json\/wp\/v2\/comments?post=42390"}],"version-history":[{"count":1,"href":"https:\/\/catolicanet.net\/wp-cnet\/wp-json\/wp\/v2\/posts\/42390\/revisions"}],"predecessor-version":[{"id":42391,"href":"https:\/\/catolicanet.net\/wp-cnet\/wp-json\/wp\/v2\/posts\/42390\/revisions\/42391"}],"wp:featuredmedia":[{"embeddable":true,"href":"https:\/\/catolicanet.net\/wp-cnet\/wp-json\/wp\/v2\/media\/32782"}],"wp:attachment":[{"href":"https:\/\/catolicanet.net\/wp-cnet\/wp-json\/wp\/v2\/media?parent=42390"}],"wp:term":[{"taxonomy":"category","embeddable":true,"href":"https:\/\/catolicanet.net\/wp-cnet\/wp-json\/wp\/v2\/categories?post=42390"},{"taxonomy":"post_tag","embeddable":true,"href":"https:\/\/catolicanet.net\/wp-cnet\/wp-json\/wp\/v2\/tags?post=42390"}],"curies":[{"name":"wp","href":"https:\/\/api.w.org\/{rel}","templated":true}]}}