{"id":42333,"date":"2018-07-19T11:30:55","date_gmt":"2018-07-19T14:30:55","guid":{"rendered":"http:\/\/catolicanet.net\/wp-cnet\/?p=42333"},"modified":"2018-07-19T11:30:55","modified_gmt":"2018-07-19T14:30:55","slug":"jovens-sicilianos-se-preparam-para-encontrar-o-papa-francisco","status":"publish","type":"post","link":"https:\/\/catolicanet.net\/wp-cnet\/jovens-sicilianos-se-preparam-para-encontrar-o-papa-francisco\/","title":{"rendered":"Jovens sicilianos se preparam para encontrar o Papa Francisco"},"content":{"rendered":"<div class=\"article__subTitle\">&#8220;A visita do Papa \u00e9 sinal forte para uma terra em que parece n\u00e3o haver mais esperan\u00e7a, apesar de sua beleza, n\u00e3o obstante seus recursos, apesar da grandeza das pessoas que vivem nela&#8221;, afirma o diretor do Setor para os jovens da Confer\u00eancia episcopal siciliana, Pe. Gaetano Gulotta.<\/div>\n<div class=\"title__separator\"><\/div>\n<div class=\"article__text\">\n<p><b>Cidade do Vaticano<\/b><\/p>\n<p>Os jovens na Sic\u00edlia se preparam para encontrar o Papa Francisco. Enquanto os fi\u00e9is de toda a Ilha do sul da It\u00e1lia tomar\u00e3o as ruas de Piazza Armerina e Palermo no s\u00e1bado, 15 de setembro pr\u00f3ximo, dia da visita apost\u00f3lica do Santo Padre \u00e0 Sic\u00edlia, os jovens das dezoito dioceses sicilianas estar\u00e3o em Palermo desde o dia anterior.<\/p>\n<div>\n<div class=\"article__embed article__embed--unwrap article__embed--dark\">\n<div class=\"article__innerTitle\">Sinal forte de esperan\u00e7a para os jovens<\/div>\n<!--[if lt IE 9]><script>document.createElement('audio');<\/script><![endif]-->\n<audio class=\"wp-audio-shortcode\" id=\"audio-42333-1\" preload=\"none\" style=\"width: 100%;\" controls=\"controls\"><source type=\"audio\/mpeg\" src=\"https:\/\/media.vaticannews.va\/media\/audio\/s1\/2018\/7\/18\/16\/134538494_F134538494.mp3?_=1\" \/><a href=\"https:\/\/media.vaticannews.va\/media\/audio\/s1\/2018\/7\/18\/16\/134538494_F134538494.mp3\">https:\/\/media.vaticannews.va\/media\/audio\/s1\/2018\/7\/18\/16\/134538494_F134538494.mp3<\/a><\/audio>\n<\/div>\n<\/div>\n<p><b>Jovens sicilianos: um presente t\u00e3o \u00e1rduo e um futuro t\u00e3o incerto<\/b><\/p>\n<p>O Setor para os jovens da Confer\u00eancia episcopal siciliana (Cesi), em colabora\u00e7\u00e3o com o Servi\u00e7o de pastoral da juventude da Arquidiocese de Palermo, est\u00e1 preparando dois dias de ora\u00e7\u00e3o, enriquecidos de anima\u00e7\u00e3o e festa, eventos musicais e testemunhos.<\/p>\n<p>Para o diretor do Cesi, Pe. Gaetano Gulotta, a visita apost\u00f3lica do Papa \u00e0 Sic\u00edlia e seu encontro com os jovens \u00e9 \u201cum sinal forte de esperan\u00e7a e novo impulso para prosseguir no esfor\u00e7o ou, por vezes, para recome\u00e7ar e fazer melhor. \u00c9 sinal forte sobretudo para nossos jovens que vivem, em nossa terra, um presente t\u00e3o \u00e1rduo e um futuro t\u00e3o incerto\u201d.<\/p>\n<p><b>Partilhar com os jovens sonhos e esperan\u00e7as, compromissos e objetivos<\/b><\/p>\n<p>\u201c\u00c9 sinal forte para quem se ocupa de pastoral da juventude, para quem os acompanha no discernimento, para quem est\u00e1 ao lado dos jovens nas escolhas de vida cotidiana e com eles partilha sonhos, esperan\u00e7as, compromissos e objetivos. \u00c9 sinal forte para nossas comunidades crist\u00e3s\u201d, prossegue ele.<\/p>\n<p>\u201cA visita do Papa \u00e9 sinal forte para uma terra em que parece n\u00e3o haver mais esperan\u00e7a, apesar de sua beleza, n\u00e3o obstante seus recursos, apesar da grandeza das pessoas que vivem nela\u201d, afirma ainda Pe. Gulotta.<\/p>\n<p><b>Todos s\u00e3o chamados a fazer a sua parte<\/b><\/p>\n<p>\u201c\u00c9 claro que tudo aquilo que somos e que temos hoje n\u00e3o basta: os jovens\u00a0 s\u00e3o obrigados a ir para longe de suas casas, de sua terra e das pr\u00f3prias fam\u00edlias para construir um futuro. Mas h\u00e1 uma responsabilidade, nisso, que atinge todos\u201d, frisa.<\/p>\n<p>\u201cPor isso, a visita do Papa Francisco diz respeito tamb\u00e9m \u00e0queles que desempenham pap\u00e9is pol\u00edticos e sociais a fim de que atuem pelo bem p\u00fablico comum. \u00c9 importante! \u00c9 importante que esta classe pol\u00edtica e todos que t\u00eam responsabilidade ajudem estes jovens a sonhar\u201d, acrescenta o diretor do Cesi.<\/p>\n<p><b>Se cada um fizer alguma coisa, se poder\u00e1 fazer muito<\/b><\/p>\n<p>O dia escolhido pelo Pont\u00edfice para este encontro, 25\u00ba anivers\u00e1rio do mart\u00edrio de Pe. Pino Puglisi, e os lugares que visitar\u00e1 unem sua presen\u00e7a em Palermo \u00e0 mem\u00f3ria do sacerdote proclamado Beato Pino Puglisi.<\/p>\n<p>\u201cSempre se recorda uma frase desse nosso m\u00e1rtir: \u2018Se cada um fizer alguma coisa, se poder\u00e1 fazer muito\u2019. Eis que n\u00e3o ter\u00e1 sentido estarmos aqui naquele dia, ao lado do Papa, se no campo civil, pol\u00edtico, social e religioso cada um de n\u00f3s n\u00e3o j\u00e1 tiver come\u00e7ado a esfor\u00e7ar-se e usar a pr\u00f3pria compet\u00eancia para fazer algo por esta terra e pelos nossos jovens\u201d, finalizou Pe. Gulotta.<\/p>\n<\/div>\n<p>&nbsp;<\/p>\n<p>Fonte: R\u00e1dio Vaticano<\/p>\n","protected":false},"excerpt":{"rendered":"<p>&#8220;A visita do Papa \u00e9 sinal forte para uma terra em que parece n\u00e3o haver mais esperan\u00e7a, apesar de sua beleza, n\u00e3o obstante seus recursos, apesar da grandeza das pessoas que vivem nela&#8221;, afirma o diretor do Setor para os jovens da Confer\u00eancia episcopal siciliana, Pe. Gaetano Gulotta. Cidade do Vaticano Os jovens na Sic\u00edlia [&hellip;]<\/p>\n","protected":false},"author":1,"featured_media":42334,"comment_status":"open","ping_status":"closed","sticky":false,"template":"","format":"standard","meta":{"footnotes":""},"categories":[13],"tags":[],"class_list":["post-42333","post","type-post","status-publish","format-standard","has-post-thumbnail","hentry","category-featured"],"_links":{"self":[{"href":"https:\/\/catolicanet.net\/wp-cnet\/wp-json\/wp\/v2\/posts\/42333","targetHints":{"allow":["GET"]}}],"collection":[{"href":"https:\/\/catolicanet.net\/wp-cnet\/wp-json\/wp\/v2\/posts"}],"about":[{"href":"https:\/\/catolicanet.net\/wp-cnet\/wp-json\/wp\/v2\/types\/post"}],"author":[{"embeddable":true,"href":"https:\/\/catolicanet.net\/wp-cnet\/wp-json\/wp\/v2\/users\/1"}],"replies":[{"embeddable":true,"href":"https:\/\/catolicanet.net\/wp-cnet\/wp-json\/wp\/v2\/comments?post=42333"}],"version-history":[{"count":1,"href":"https:\/\/catolicanet.net\/wp-cnet\/wp-json\/wp\/v2\/posts\/42333\/revisions"}],"predecessor-version":[{"id":42335,"href":"https:\/\/catolicanet.net\/wp-cnet\/wp-json\/wp\/v2\/posts\/42333\/revisions\/42335"}],"wp:featuredmedia":[{"embeddable":true,"href":"https:\/\/catolicanet.net\/wp-cnet\/wp-json\/wp\/v2\/media\/42334"}],"wp:attachment":[{"href":"https:\/\/catolicanet.net\/wp-cnet\/wp-json\/wp\/v2\/media?parent=42333"}],"wp:term":[{"taxonomy":"category","embeddable":true,"href":"https:\/\/catolicanet.net\/wp-cnet\/wp-json\/wp\/v2\/categories?post=42333"},{"taxonomy":"post_tag","embeddable":true,"href":"https:\/\/catolicanet.net\/wp-cnet\/wp-json\/wp\/v2\/tags?post=42333"}],"curies":[{"name":"wp","href":"https:\/\/api.w.org\/{rel}","templated":true}]}}