{"id":42329,"date":"2018-07-19T11:17:36","date_gmt":"2018-07-19T14:17:36","guid":{"rendered":"http:\/\/catolicanet.net\/wp-cnet\/?p=42329"},"modified":"2018-07-19T11:17:36","modified_gmt":"2018-07-19T14:17:36","slug":"papa-preside-consistorio-ordinario-publico","status":"publish","type":"post","link":"https:\/\/catolicanet.net\/wp-cnet\/papa-preside-consistorio-ordinario-publico\/","title":{"rendered":"Papa preside Consist\u00f3rio Ordin\u00e1rio P\u00fablico"},"content":{"rendered":"<div class=\"article__subTitle\">Papa Francisco anunciou que a canoniza\u00e7\u00e3o do Beato Nunzio Sulprizio ser\u00e1 em 14 de outubro.<\/div>\n<div class=\"title__separator\"><\/div>\n<div class=\"article__text\">\n<p><b>Cidade do Vaticano<\/b><\/p>\n<p>Na manh\u00e3 desta quinta-feira (19\/07) o Papa Francisco presidiu no Vaticano um Consist\u00f3rio Ordin\u00e1rio P\u00fablico em vista da Canoniza\u00e7\u00e3o do Beato Nunzio Sulprizio.<\/p>\n<h2>Calv\u00e1rio<\/h2>\n<p>O leigo italiano viveu somente 19 anos. Nasceu na Prov\u00edncia de Pescara em 1817. Logo cedo ficou \u00f3rf\u00e3o e foi criado pela av\u00f3 materna, que faleceu quando Nunzio tinha nove anos. Foi ent\u00e3o que come\u00e7ou o seu calv\u00e1rio, sendo explorado por seu tio, que trabalhava como ferreiro e marceneiro.<\/p>\n<p>Sem poder frequentar a escola, foi obrigado a trabalhar inclusive quando ficou doente, com uma gangrena na perna. Quando j\u00e1 era demasiado tarde, foi \u201cadotado\u201d por uma fam\u00edlia de N\u00e1poles, que tentou cur\u00e1-lo, assistindo-o at\u00e9 os \u00faltimos dias.<\/p>\n<p>Mesmo em meio \u00e0 dor e humilha\u00e7\u00f5es que vivia, Nunzio testemunhou uma f\u00e9 inabal\u00e1vel. \u201cJesus sofreu muito por mim. Por que n\u00e3o posso sofrer por Ele?\u201d, dizia. \u201cGostaria de morrer para converter mesmo que um \u00fanico pecador\u201d.<\/p>\n<p>No dia 5 de maio de 1836, Nunzio pediu o Crucifixo, chamou o confessor e recebeu os sacramentos. Desfigurado pela doen\u00e7a, seu corpo come\u00e7ou a exalar um perfume de rosas e ficou exposto por cinco dias. Seu sepulcro logo se tornou meta de peregrina\u00e7\u00e3o.<\/p>\n<h2>Rumo \u00e0 canoniza\u00e7\u00e3o<\/h2>\n<p>Le\u00e3o XIII, ao emitir o decreto sobre a heroicidade das virtudes, o prop\u00f4s como modelo da juventude oper\u00e1ria.<\/p>\n<p>Em 7 de mar\u00e7o de 1963, Jo\u00e3o XXIII promulgou o decreto que aprovava os milagres reconhecidos para a beatifica\u00e7\u00e3o de Nunzio Sulprizio, mas n\u00e3o pode presidir a cerim\u00f4nia, pois veio a falecer em 3 de junho. Em 1\u00ba de dezembro, Paulo VI o proclamou Beato, &#8220;entre viv\u00edssimas aclama\u00e7\u00f5es dos Padres Conciliares e do povo\u201d, como escreveu na \u00e9poca o jornal L&#8217;Osservatore Romano.<\/p>\n<p>Naquela ocasi\u00e3o, o Pont\u00edfice afirmou: &#8220;O jovem Sulprizio \u00e9 o beato da nossa idade&#8221;, e convidou todos a &#8220;fazerem amizade com este querido Beato e pensar humildemente como podemos seguir tamb\u00e9m o seu itiner\u00e1rio terrestre&#8221;.<\/p>\n<h2>14 de outubro<\/h2>\n<p>Neste dia 19 de julho, o Papa Francisco anunciou que a canoniza\u00e7\u00e3o de Nunzio Sulprizio ser\u00e1 em 14 de outubro.<\/p>\n<p>Neste mesmo dia, ser\u00e3o canonizados tamb\u00e9m Paulo VI e Dom Oscar Romero. Com eles, se tornar\u00e3o santos Francesco Spinelli, Sacerdote diocesano, Fundador do Instituto das Irm\u00e3s Adoradoras do Sant\u00edssimo Sacramento; Vincenzo Romano, Sacerdote diocesano; e Maria Caterina Kasper, Fundadora do Instituto das Pobres Servas de Jesus Cristo.<\/p>\n<p>&nbsp;<\/p>\n<\/div>\n<p>Fonte: R\u00e1dio Vaticano<\/p>\n","protected":false},"excerpt":{"rendered":"<p>Papa Francisco anunciou que a canoniza\u00e7\u00e3o do Beato Nunzio Sulprizio ser\u00e1 em 14 de outubro. Cidade do Vaticano Na manh\u00e3 desta quinta-feira (19\/07) o Papa Francisco presidiu no Vaticano um Consist\u00f3rio Ordin\u00e1rio P\u00fablico em vista da Canoniza\u00e7\u00e3o do Beato Nunzio Sulprizio. Calv\u00e1rio O leigo italiano viveu somente 19 anos. Nasceu na Prov\u00edncia de Pescara em [&hellip;]<\/p>\n","protected":false},"author":1,"featured_media":42330,"comment_status":"open","ping_status":"closed","sticky":false,"template":"","format":"standard","meta":{"footnotes":""},"categories":[13],"tags":[],"class_list":["post-42329","post","type-post","status-publish","format-standard","has-post-thumbnail","hentry","category-featured"],"_links":{"self":[{"href":"https:\/\/catolicanet.net\/wp-cnet\/wp-json\/wp\/v2\/posts\/42329","targetHints":{"allow":["GET"]}}],"collection":[{"href":"https:\/\/catolicanet.net\/wp-cnet\/wp-json\/wp\/v2\/posts"}],"about":[{"href":"https:\/\/catolicanet.net\/wp-cnet\/wp-json\/wp\/v2\/types\/post"}],"author":[{"embeddable":true,"href":"https:\/\/catolicanet.net\/wp-cnet\/wp-json\/wp\/v2\/users\/1"}],"replies":[{"embeddable":true,"href":"https:\/\/catolicanet.net\/wp-cnet\/wp-json\/wp\/v2\/comments?post=42329"}],"version-history":[{"count":1,"href":"https:\/\/catolicanet.net\/wp-cnet\/wp-json\/wp\/v2\/posts\/42329\/revisions"}],"predecessor-version":[{"id":42331,"href":"https:\/\/catolicanet.net\/wp-cnet\/wp-json\/wp\/v2\/posts\/42329\/revisions\/42331"}],"wp:featuredmedia":[{"embeddable":true,"href":"https:\/\/catolicanet.net\/wp-cnet\/wp-json\/wp\/v2\/media\/42330"}],"wp:attachment":[{"href":"https:\/\/catolicanet.net\/wp-cnet\/wp-json\/wp\/v2\/media?parent=42329"}],"wp:term":[{"taxonomy":"category","embeddable":true,"href":"https:\/\/catolicanet.net\/wp-cnet\/wp-json\/wp\/v2\/categories?post=42329"},{"taxonomy":"post_tag","embeddable":true,"href":"https:\/\/catolicanet.net\/wp-cnet\/wp-json\/wp\/v2\/tags?post=42329"}],"curies":[{"name":"wp","href":"https:\/\/api.w.org\/{rel}","templated":true}]}}