{"id":42302,"date":"2018-07-18T11:05:15","date_gmt":"2018-07-18T14:05:15","guid":{"rendered":"http:\/\/catolicanet.net\/wp-cnet\/?p=42302"},"modified":"2018-07-18T11:05:15","modified_gmt":"2018-07-18T14:05:15","slug":"9-gestos-de-fe-que-marcaram-a-copa-russia-2018","status":"publish","type":"post","link":"https:\/\/catolicanet.net\/wp-cnet\/9-gestos-de-fe-que-marcaram-a-copa-russia-2018\/","title":{"rendered":"9 gestos de f\u00e9 que marcaram a Copa R\u00fassia 2018"},"content":{"rendered":"<p>Em 15 de julho, terminou a Copa do Mundo R\u00fassia 2018, que n\u00e3o s\u00f3 coroou a Fran\u00e7a como a nova campe\u00e3, mas tamb\u00e9m deixou v\u00e1rios gestos de f\u00e9 que apresentamos a seguir.<\/p>\n<p><strong>1. Um cat\u00f3lico e um evang\u00e9lico unidos em ora\u00e7\u00e3o<\/strong><\/p>\n<p>Uma das <a href=\"https:\/\/www.acidigital.com\/controversia\/imagens.htm\">imagens<\/a> mais impressionantes da Copa R\u00fassia 2018 foi a dos jogadores Romelu Lukaku e Fidel Escobar rezando no final do jogo entre as sele\u00e7\u00f5es da B\u00e9lgica e do Panam\u00e1 durante a fase de grupos.<\/p>\n<p>Terminada a partida, o belga Lukaku e o panamenho Escobar, cat\u00f3lico e evang\u00e9lico respectivamente, se ajoelharam no campo e rezaram durante alguns instantes.<\/p>\n<p>&nbsp;<\/p>\n<p><strong>2. Celebra\u00e7\u00e3o com o Ter\u00e7o<\/strong><\/p>\n<p>O goleiro reserva da Nig\u00e9ria, Ikechukwu Ezenwa, comemorou a vit\u00f3ria da sua sele\u00e7\u00e3o contra a Isl\u00e2ndia na fase de grupos mostrando o seu ter\u00e7o diante das c\u00e2meras de televis\u00e3o.<\/p>\n<p>&nbsp;<\/p>\n<p><strong>3. Gratid\u00e3o a Deu e \u00e0 Virgem apesar da derrota<\/strong><\/p>\n<p>Embora o Peru n\u00e3o tenha sido classificado para as oitavas de final, Aldo Corzo, jogador reserva da sele\u00e7\u00e3o nacional, publicou uma mensagem de agradecimento no Twitter com as hashtags #graciasDiosyVirgensiempre (obrigado Deus e Virgem sempre) e #miFamilialoestodo (minha fam\u00edlia \u00e9 tudo).<\/p>\n<div class=\"ad_inline\">\n<div id=\"div-gpt-ad-1472661422739-0\" data-google-query-id=\"CMnHiZznqNwCFY-qyAodQQABEQ\">\n<div id=\"google_ads_iframe_\/4493921\/ACI_D_Article_1_0__container__\"><\/div>\n<\/div>\n<\/div>\n<p>\u201cEu n\u00e3o tive que jogar nesta Copa do Mundo, mas vou embora feliz e orgulhoso de pertencer a este grupo lindo, obrigado aos meus colegas por deixar a alma no campo. Obrigado a todo o Peru pelo apoio. Para cima Peru\u201d.<\/p>\n<p>O Peru comemorou a sua participa\u00e7\u00e3o na Copa do Mundo R\u00fassia 2018 porque h\u00e1 36 anos n\u00e3o se classificava para o mundial.<\/p>\n<p>&nbsp;<\/p>\n<p><strong>4. O uniforme em honra \u00e0 M\u00e3e de Deus<\/strong><\/p>\n<p>A sele\u00e7\u00e3o brasileira usou seu uniforme reserva azul, inspirado na devo\u00e7\u00e3o dos cat\u00f3licos a <a href=\"https:\/\/www.acidigital.com\/Maria\/aparecida\/index.html\">Nossa Senhora Aparecida<\/a>, na partida que jogou contra a Costa Rica durante a fase de grupos.<\/p>\n<p>O azul \u00e9 a cor do manto de Nossa Senhora Aparecida, padroeira do pa\u00eds. Os brasileiros venceram o jogo por 2 a 0.<\/p>\n<p>&nbsp;<\/p>\n<p><strong>5. A b\u00ean\u00e7\u00e3o da vov\u00f3<\/strong><\/p>\n<p>Um v\u00eddeo no qual uma av\u00f3, identificada como Martha Gonz\u00e1lez, aben\u00e7oou cada jogador da sele\u00e7\u00e3o mexicana viralizou nas redes sociais ap\u00f3s derrotarem a Alemanha na fase de grupos.<\/p>\n<p>A mulher fez esse gesto na cidade de El Paso, Texas (Estados Unidos), e v\u00e1rios usu\u00e1rios brincaram afirmando: \u201cEsta \u00e9 a verdadeira raz\u00e3o pela qual o M\u00e9xico venceu!\u201d.<\/p>\n<p>&nbsp;<\/p>\n<p><strong>6. Estrela de futebol recorda quem manda<\/strong><\/p>\n<p>A estrela do futebol Leonel Messi publicou em suas redes sociais uma foto na qual aparece ajoelhado com uma mensagem de agradecimento a Deus pela classifica\u00e7\u00e3o da sele\u00e7\u00e3o da Argentina para as oitavas de final da Copa do Mundo R\u00fassia 2018.<\/p>\n<p><iframe id=\"instagram-embed-0\" class=\"instagram-media instagram-media-rendered\" src=\"https:\/\/www.instagram.com\/p\/BkgXV7LHwm6\/embed\/captioned\/?cr=1&amp;v=9&amp;wp=675&amp;rd=www.acidigital.com#%7B%22ci%22%3A0%2C%22os%22%3A1690.355%7D\" height=\"965\" frameborder=\"0\" scrolling=\"no\" data-instgrm-payload-id=\"instagram-media-payload-0\" data-mce-fragment=\"1\"><\/iframe><\/p>\n<p><strong>7. A f\u00e9 move montanhas<\/strong><\/p>\n<p>Depois de serem classificados para as oitavas de final, o jogador de futebol colombiano Radamel Falcao expressou em suas redes sociais que: &#8220;A f\u00e9 move montanhas&#8221;.<\/p>\n<p>Logo depois que a Col\u00f4mbia foi eliminada nesta fase, Falcao compartilhou diversas imagens e v\u00eddeos, nos quais agradeceu a Deus pela oportunidade de participar deste evento esportivo.<\/p>\n<p><iframe id=\"instagram-embed-1\" class=\"instagram-media instagram-media-rendered\" src=\"https:\/\/www.instagram.com\/p\/BklCbnUBiCw\/embed\/captioned\/?cr=1&amp;v=9&amp;wp=675&amp;rd=www.acidigital.com#%7B%22ci%22%3A1%2C%22os%22%3A1695.2%7D\" height=\"796\" frameborder=\"0\" scrolling=\"no\" data-instgrm-payload-id=\"instagram-media-payload-1\" data-mce-fragment=\"1\"><\/iframe><\/p>\n<p><strong>8. A f\u00e9 do treinador da Cro\u00e1cia<\/strong><\/p>\n<p>Depois das vit\u00f3rias que levaram a Cro\u00e1cia \u00e0 final contra a Fran\u00e7a, tornou-se conhecida a f\u00e9 de Zlatko Dalic, t\u00e9cnico da sele\u00e7\u00e3o do pa\u00eds dos Balc\u00e3s.<\/p>\n<p>Em uma entrevista concedida a uma r\u00e1dio cat\u00f3lica croata por ocasi\u00e3o da Copa do Mundo, Dalic afirmou: \u201cTudo o que eu fiz na minha vida e na minha carreira profissional foi gra\u00e7as a minha f\u00e9 e sou grato ao meu querido Deus\u201d.<\/p>\n<p>Al\u00e9m disso, assegurou que sempre carrega consigo um ter\u00e7o nos momento dif\u00edceis.<\/p>\n<p>&nbsp;<\/p>\n<p><strong>9. Um triunfo dedicado a Santo Ant\u00f4nio de P\u00e1dua<\/strong><\/p>\n<p>Mateo Kovacic, meio campo da sele\u00e7\u00e3o da Cro\u00e1cia, dedicou a medalha de prata que ganhou na Copa do Mundo a Santo Ant\u00f4nio de P\u00e1dua.<\/p>\n<p>Quando recebeu o pr\u00eamio ap\u00f3s perder na final contra a Fran\u00e7a, o jogador croata usou uma bandeira com a imagem do santo e da <a href=\"https:\/\/www.acidigital.com\/igreja\/index.html\">igreja<\/a> a ele dedicada em Sesvete, cidade onde cresceu. Neste templo, foi coroinha e conheceu sua esposa Isabel.<\/p>\n<p>Ap\u00f3s a cerim\u00f4nia, Kovacic publicou em suas redes sociais uma foto na qual aparece segurando a bandeira, com a mensagem: \u201cOrgulho do c\u00e9u em tua fam\u00edlia do futebol!\u201d.<\/p>\n<p>&nbsp;<\/p>\n<p>Fonte: Acidigital<\/p>\n<p>&nbsp;<\/p>\n","protected":false},"excerpt":{"rendered":"<p>Em 15 de julho, terminou a Copa do Mundo R\u00fassia 2018, que n\u00e3o s\u00f3 coroou a Fran\u00e7a como a nova campe\u00e3, mas tamb\u00e9m deixou v\u00e1rios gestos de f\u00e9 que apresentamos a seguir. 1. Um cat\u00f3lico e um evang\u00e9lico unidos em ora\u00e7\u00e3o Uma das imagens mais impressionantes da Copa R\u00fassia 2018 foi a dos jogadores Romelu [&hellip;]<\/p>\n","protected":false},"author":1,"featured_media":42303,"comment_status":"open","ping_status":"closed","sticky":false,"template":"","format":"standard","meta":{"footnotes":""},"categories":[4],"tags":[],"class_list":["post-42302","post","type-post","status-publish","format-standard","has-post-thumbnail","hentry","category-cotidiano"],"_links":{"self":[{"href":"https:\/\/catolicanet.net\/wp-cnet\/wp-json\/wp\/v2\/posts\/42302","targetHints":{"allow":["GET"]}}],"collection":[{"href":"https:\/\/catolicanet.net\/wp-cnet\/wp-json\/wp\/v2\/posts"}],"about":[{"href":"https:\/\/catolicanet.net\/wp-cnet\/wp-json\/wp\/v2\/types\/post"}],"author":[{"embeddable":true,"href":"https:\/\/catolicanet.net\/wp-cnet\/wp-json\/wp\/v2\/users\/1"}],"replies":[{"embeddable":true,"href":"https:\/\/catolicanet.net\/wp-cnet\/wp-json\/wp\/v2\/comments?post=42302"}],"version-history":[{"count":1,"href":"https:\/\/catolicanet.net\/wp-cnet\/wp-json\/wp\/v2\/posts\/42302\/revisions"}],"predecessor-version":[{"id":42304,"href":"https:\/\/catolicanet.net\/wp-cnet\/wp-json\/wp\/v2\/posts\/42302\/revisions\/42304"}],"wp:featuredmedia":[{"embeddable":true,"href":"https:\/\/catolicanet.net\/wp-cnet\/wp-json\/wp\/v2\/media\/42303"}],"wp:attachment":[{"href":"https:\/\/catolicanet.net\/wp-cnet\/wp-json\/wp\/v2\/media?parent=42302"}],"wp:term":[{"taxonomy":"category","embeddable":true,"href":"https:\/\/catolicanet.net\/wp-cnet\/wp-json\/wp\/v2\/categories?post=42302"},{"taxonomy":"post_tag","embeddable":true,"href":"https:\/\/catolicanet.net\/wp-cnet\/wp-json\/wp\/v2\/tags?post=42302"}],"curies":[{"name":"wp","href":"https:\/\/api.w.org\/{rel}","templated":true}]}}