{"id":4230,"date":"2014-02-17T11:21:49","date_gmt":"2014-02-17T14:21:49","guid":{"rendered":"http:\/\/catolicanet.net\/wp-cnet\/lider-do-futuro\/"},"modified":"2017-04-05T08:59:46","modified_gmt":"2017-04-05T11:59:46","slug":"lider-do-futuro","status":"publish","type":"post","link":"https:\/\/catolicanet.net\/wp-cnet\/lider-do-futuro\/","title":{"rendered":"L\u00edder do Futuro"},"content":{"rendered":"<p style=\"text-align: justify;\">Um levantamento feito por uma renomada revista em 2010 continhas algumas estat\u00edsticas surpreendentes: 57% dos gerentes de recrutamento e sele\u00e7\u00e3o acreditam que um candidato n\u00e3o atraente (mas qualificado) teria mais dificuldade para ser contratado: 84% deles disseram que seus chefes hesitariam em contratar um candidato qualificado, por\u00e9m, mais velho: 64% disseram acreditar que as empresas deveriam ter a permiss\u00e3o de contratar pessoas com base na apar\u00eancia. Todos s\u00e3o exemplos claros de preconceito inaceit\u00e1vel.<br \/>\u201cO conceito da Regra de Ouro \u2013 tratar os outros como voc\u00ea gostaria de ser tratado\u201d.<br \/>Os livros sobre lideran\u00e7a geralmente aparecem nas listas dos mais vendidos. A maioria deles fala sobre como tornar-se um l\u00edder influente e eficaz. Mas o livro do renomado intelectual Henri Nouwen O perfil do l\u00edder crist\u00e3o do s\u00e9culo XXI \u00e9 escrito sob uma perspectiva diferente. O ex-professor universit\u00e1rio que investiu muitos anos servindo em uma comunidade de adultos mentalmente incapazes diz: \u201cA quest\u00e3o n\u00e3o \u00e9: quantas pessoas levam voc\u00ea a s\u00e9rio? Quanto voc\u00ea vai realizar? Voc\u00ea consegue mostrar resultados? Mas sim: Voc\u00ea ama o Senhor Jesus? (&#8230;) Em nosso mundo de solid\u00e3o e desespero, h\u00e1 uma necessidade enorme de homens e mulheres que tenham intimidade com Deus, que tem um cora\u00e7\u00e3o que perdoa, que se importa, que quer se aproximar e curar.\u201d<br \/>S\u00e3o Jo\u00e3o escreveu: \u201cNisto se manifestou o amor de Deus em n\u00f3s: em haver Deus enviado o seu Filho unig\u00eanito ao mundo, para vivermos por meio dele. Nisto consiste o amor: n\u00e3o em que n\u00f3s tenhamos amado a Deus, mas em que eles nos amou e enviou o seu Filho como propicia\u00e7\u00e3o pelos nossos pecados\u201d (1 Jo\u00e3o 4,9-10).<br \/>O l\u00edder crist\u00e3o do futuro, Nouwen escreve: \u201c\u00e9 aquele que realmente tem intimidade com Deus que se tornou encarnado em Jesus\u201d. Nele, descobrimos e experimentamos o amor incondicional e ilimitado de Deus. Na dimens\u00e3o da sabedoria do evangelho e na m\u00edstica abissal s\u00e3o fundamentos do l\u00edder do futuro. Da\u00ed, a sua lideran\u00e7a \u00e9 servir. Seguindo o exemplo de Jesus de Nazar\u00e9.<\/p>\n","protected":false},"excerpt":{"rendered":"<p>Um levantamento feito por uma renomada revista em 2010 continhas algumas estat\u00edsticas surpreendentes: 57% dos gerentes de recrutamento e sele\u00e7\u00e3o acreditam que um candidato n\u00e3o atraente (mas qualificado) teria mais dificuldade para ser contratado: 84% deles disseram que seus chefes hesitariam em contratar um candidato qualificado, por\u00e9m, mais velho: 64% disseram acreditar que as empresas [&hellip;]<\/p>\n","protected":false},"author":16,"featured_media":0,"comment_status":"closed","ping_status":"closed","sticky":false,"template":"","format":"standard","meta":{"footnotes":""},"categories":[9],"tags":[],"class_list":["post-4230","post","type-post","status-publish","format-standard","hentry","category-artigos"],"_links":{"self":[{"href":"https:\/\/catolicanet.net\/wp-cnet\/wp-json\/wp\/v2\/posts\/4230","targetHints":{"allow":["GET"]}}],"collection":[{"href":"https:\/\/catolicanet.net\/wp-cnet\/wp-json\/wp\/v2\/posts"}],"about":[{"href":"https:\/\/catolicanet.net\/wp-cnet\/wp-json\/wp\/v2\/types\/post"}],"author":[{"embeddable":true,"href":"https:\/\/catolicanet.net\/wp-cnet\/wp-json\/wp\/v2\/users\/16"}],"replies":[{"embeddable":true,"href":"https:\/\/catolicanet.net\/wp-cnet\/wp-json\/wp\/v2\/comments?post=4230"}],"version-history":[{"count":1,"href":"https:\/\/catolicanet.net\/wp-cnet\/wp-json\/wp\/v2\/posts\/4230\/revisions"}],"predecessor-version":[{"id":9289,"href":"https:\/\/catolicanet.net\/wp-cnet\/wp-json\/wp\/v2\/posts\/4230\/revisions\/9289"}],"wp:attachment":[{"href":"https:\/\/catolicanet.net\/wp-cnet\/wp-json\/wp\/v2\/media?parent=4230"}],"wp:term":[{"taxonomy":"category","embeddable":true,"href":"https:\/\/catolicanet.net\/wp-cnet\/wp-json\/wp\/v2\/categories?post=4230"},{"taxonomy":"post_tag","embeddable":true,"href":"https:\/\/catolicanet.net\/wp-cnet\/wp-json\/wp\/v2\/tags?post=4230"}],"curies":[{"name":"wp","href":"https:\/\/api.w.org\/{rel}","templated":true}]}}