{"id":42296,"date":"2018-07-18T10:45:52","date_gmt":"2018-07-18T13:45:52","guid":{"rendered":"http:\/\/catolicanet.net\/wp-cnet\/?p=42296"},"modified":"2018-07-18T10:45:52","modified_gmt":"2018-07-18T13:45:52","slug":"nicaragua-apelo-do-nuncio-em-nome-do-papa-tregua-e-retomada-do-dialogo","status":"publish","type":"post","link":"https:\/\/catolicanet.net\/wp-cnet\/nicaragua-apelo-do-nuncio-em-nome-do-papa-tregua-e-retomada-do-dialogo\/","title":{"rendered":"Nicar\u00e1gua, apelo do n\u00fancio em nome do Papa: tr\u00e9gua e retomada do di\u00e1logo"},"content":{"rendered":"<div class=\"article__subTitle\">N\u00e3o cessa a repress\u00e3o governamental na Nicar\u00e1gua. Foi tomado o centro de Masaya, cidade s\u00edmbolo da resist\u00eancia contra o presidente Ortega. O n\u00fancio pede para retomar o di\u00e1logo enquanto aumentam os ataques contra a Igreja Cat\u00f3lica.<\/div>\n<div class=\"title__separator\"><\/div>\n<div class=\"article__text\">\n<p><b>Cidade do Vaticano<\/b><\/p>\n<p>O n\u00fancio apost\u00f3lico na Nicar\u00e1gua, Dom Waldemar Stanislaw Sommertag, em nome do Papa Francisco, fez um forte apelo para acabar com a viol\u00eancia que abala o pa\u00eds desde 18 de abril, exatamente tr\u00eas meses atr\u00e1s, e que causou mais de 360 mortes. A oposi\u00e7\u00e3o pede a restaura\u00e7\u00e3o da democracia e a ren\u00fancia de Ortega, que est\u00e1 no poder desde 2007 pelo terceiro mandato consecutivo e governa junto com sua esposa Rosario Murillo, que \u00e9 vice-presidente.<\/p>\n<h2>Profunda preocupa\u00e7\u00e3o do Papa pela crise<\/h2>\n<h2><\/h2>\n<p>&#8220;Neste momento tr\u00e1gico &#8211; afirma o prelado em comunicado divulgado pela m\u00eddia cat\u00f3lica nicarag\u00fcense &#8211; desejo expressar tamb\u00e9m em nome do Santo Padre e da Santa S\u00e9 a profunda preocupa\u00e7\u00e3o pela grave situa\u00e7\u00e3o que se est\u00e1 vivendo no pa\u00eds. Logicamente, n\u00e3o \u00e9 aceit\u00e1vel pensar que os mortos e as v\u00edtimas da viol\u00eancia possam resolver uma crise pol\u00edtica e garantir um futuro de paz e prosperidade para a Nicar\u00e1gua&#8221;.<\/p>\n<h2>Voltar ao di\u00e1logo rapidamente<\/h2>\n<h2><\/h2>\n<p>&#8220;Chorando por todos os mortos e rezando pelas suas fam\u00edlias &#8211; continua o n\u00fancio &#8211; com todas as minhas for\u00e7as humanas e espirituais, fa\u00e7o um apelo \u00e0s consci\u00eancias de todos para se chegar a uma tr\u00e9gua que permita um r\u00e1pido retorno \u00e0 mesa do di\u00e1logo nacional para buscar juntos uma solu\u00e7\u00e3o adequada e resolver assim a crise. Todos n\u00f3s humildemente nos colocamos sob a prote\u00e7\u00e3o da Sant\u00edssima Virgem Maria, pedindo a sua ajuda para que guie sempre a nossa amada Nicar\u00e1gua&#8221;.<\/p>\n<h2>A tomada de Masaya, cidade s\u00edmbolo da resist\u00eancia<\/h2>\n<h2><\/h2>\n<p>Nesta ter\u00e7a-feira (17\/07), a pol\u00edcia e as for\u00e7as paramilitares assumiram o controle do centro de Masaya, cidade a 30 quil\u00f4metros de Man\u00e1gua, que se tornou o s\u00edmbolo de resist\u00eancia ao governo de Ortega. A opera\u00e7\u00e3o militar, escreve o jornal El Nuevo Diario, durou mais de sete horas, em particular na \u00e1rea da comunidade ind\u00edgena de Monimbo, e teve um balan\u00e7o, devido ao uso de armas de fogo, de pelo menos tr\u00eas mortes e in\u00fameros feridos, de acordo com uma associa\u00e7\u00e3o local de direitos humanos. O n\u00famero de mortes poderia ser ainda maior, mas uma verifica\u00e7\u00e3o \u00e9 imposs\u00edvel no momento porque n\u00e3o se pode entrar na cidade que est\u00e1 praticamente cercada pelas for\u00e7as do governo.<\/p>\n<h2>Aumentando da agress\u00e3o contra a Igreja Cat\u00f3lica<\/h2>\n<h2><\/h2>\n<p>Nesta situa\u00e7\u00e3o, a Igreja Cat\u00f3lica \u00e9 cada vez mais alvo de amea\u00e7as e ataques. No dia 9 de julho, o cardeal Leopoldo Brenes, arcebispo de Man\u00e1gua, foi agredido, junto com o n\u00fancio e o bispo auxiliar de Man\u00e1gua, Dom Silvio B\u00e1ez, por ativistas pr\u00f3ximos ao governo. Outro bispo, Dom Abelardo Mata, \u00e0 frente da diocese de Estel\u00ed, escapou de um atentado dias atr\u00e1s. Apesar das repress\u00f5es e agress\u00f5es, os prelados nicaraguenses, por encorajamento do Papa, decidiram por unanimidade continuar o di\u00e1logo nacional: ao mesmo tempo denunciam &#8220;a falta de vontade pol\u00edtica do governo de dialogar com sinceridade e buscar processos reais&#8221; que levem em direc\u00e7\u00e3o da democracia &#8220;.<\/p>\n<h2>As acusa\u00e7\u00f5es da ONU ao governo de Ortega<\/h2>\n<h2><\/h2>\n<p>Por sua vez, o secret\u00e1rio geral das Na\u00e7\u00f5es Unidas, Ant\u00f3nio Guterres, criticou duramente &#8220;a for\u00e7a excessiva de entidades ligadas ao governo do presidente Daniel Ortega&#8221;, salientando que o uso da for\u00e7a contra civis e estudantes &#8220;representa um obst\u00e1culo para obter uma solu\u00e7\u00e3o pol\u00edtica \u00e0 situa\u00e7\u00e3o atual&#8221;. O Escrit\u00f3rio do Alto Comissariado das Na\u00e7\u00f5es Unidas para os Direitos Humanos denunciou que a lei sobre o terrorismo recentemente aprovada pelo Parlamento da Nicar\u00e1gua pode ser usada para criminalizar os protestos pac\u00edficos no pa\u00eds.<\/p>\n<h2>OEA condena as viol\u00eancias<\/h2>\n<h2><\/h2>\n<p>Nesta quarta-feira, a Organiza\u00e7\u00e3o dos Estados Americanos votar\u00e1 uma resolu\u00e7\u00e3o de condena\u00e7\u00e3o das viol\u00eancias e exigir\u00e1 o desmantelamento dos grupos paramilitares que agem impunes no pa\u00eds.<\/p>\n<p>&nbsp;<\/p>\n<p>Fonte:R\u00e1dio Vaticano<\/p>\n<\/div>\n","protected":false},"excerpt":{"rendered":"<p>N\u00e3o cessa a repress\u00e3o governamental na Nicar\u00e1gua. Foi tomado o centro de Masaya, cidade s\u00edmbolo da resist\u00eancia contra o presidente Ortega. O n\u00fancio pede para retomar o di\u00e1logo enquanto aumentam os ataques contra a Igreja Cat\u00f3lica. Cidade do Vaticano O n\u00fancio apost\u00f3lico na Nicar\u00e1gua, Dom Waldemar Stanislaw Sommertag, em nome do Papa Francisco, fez um [&hellip;]<\/p>\n","protected":false},"author":1,"featured_media":42297,"comment_status":"open","ping_status":"closed","sticky":false,"template":"","format":"standard","meta":{"footnotes":""},"categories":[13],"tags":[],"class_list":["post-42296","post","type-post","status-publish","format-standard","has-post-thumbnail","hentry","category-featured"],"_links":{"self":[{"href":"https:\/\/catolicanet.net\/wp-cnet\/wp-json\/wp\/v2\/posts\/42296","targetHints":{"allow":["GET"]}}],"collection":[{"href":"https:\/\/catolicanet.net\/wp-cnet\/wp-json\/wp\/v2\/posts"}],"about":[{"href":"https:\/\/catolicanet.net\/wp-cnet\/wp-json\/wp\/v2\/types\/post"}],"author":[{"embeddable":true,"href":"https:\/\/catolicanet.net\/wp-cnet\/wp-json\/wp\/v2\/users\/1"}],"replies":[{"embeddable":true,"href":"https:\/\/catolicanet.net\/wp-cnet\/wp-json\/wp\/v2\/comments?post=42296"}],"version-history":[{"count":1,"href":"https:\/\/catolicanet.net\/wp-cnet\/wp-json\/wp\/v2\/posts\/42296\/revisions"}],"predecessor-version":[{"id":42298,"href":"https:\/\/catolicanet.net\/wp-cnet\/wp-json\/wp\/v2\/posts\/42296\/revisions\/42298"}],"wp:featuredmedia":[{"embeddable":true,"href":"https:\/\/catolicanet.net\/wp-cnet\/wp-json\/wp\/v2\/media\/42297"}],"wp:attachment":[{"href":"https:\/\/catolicanet.net\/wp-cnet\/wp-json\/wp\/v2\/media?parent=42296"}],"wp:term":[{"taxonomy":"category","embeddable":true,"href":"https:\/\/catolicanet.net\/wp-cnet\/wp-json\/wp\/v2\/categories?post=42296"},{"taxonomy":"post_tag","embeddable":true,"href":"https:\/\/catolicanet.net\/wp-cnet\/wp-json\/wp\/v2\/tags?post=42296"}],"curies":[{"name":"wp","href":"https:\/\/api.w.org\/{rel}","templated":true}]}}