{"id":42294,"date":"2018-07-18T10:32:10","date_gmt":"2018-07-18T13:32:10","guid":{"rendered":"http:\/\/catolicanet.net\/wp-cnet\/?p=42294"},"modified":"2018-07-18T10:32:10","modified_gmt":"2018-07-18T13:32:10","slug":"20-anos-de-um-lema-de-vida-por-hoje-nao","status":"publish","type":"post","link":"https:\/\/catolicanet.net\/wp-cnet\/20-anos-de-um-lema-de-vida-por-hoje-nao\/","title":{"rendered":"20 anos de um lema de vida: \u201cPor Hoje N\u00e3o\u201d"},"content":{"rendered":"<p>Para falarmos sobre o PHN \u00e9 importante recordar o discurso inspirado do padre Jonas Abib em 1998, que nos convidava a viver a experi\u00eancia \u201cou santos ou nada\u201d, uma proposta radical que geraria em n\u00f3s um santo desconforto, tirando-nos da letargia espiritual e ditando para aqueles dias um c\u00f3digo de santidade.<\/p>\n<p>&nbsp;<\/p>\n<p>Ao mesmo tempo, eu vivia a experi\u00eancia maravilhosa de gravar o programa de televis\u00e3o \u201cResgate J\u00e1\u201d, que me levava a visitar cadeias p\u00fablicas, hospitais psiqui\u00e1tricos, lares de crian\u00e7as abandonadas, casas de apoio a portadores do HIV e, principalmente, a casas de recupera\u00e7\u00e3o de drogados. Ali, conhecemos e mostramos para todo o Brasil, obras como das comunidades Beth\u00e2nia e Fazenda da Esperan\u00e7a, que se aprofundaram na pedagogia do \u201cs\u00f3 por hoje\u201d.\u00a0 Assim nos tornamos canal da provid\u00eancia para centenas de obras sociais que recuperam jovens e os devolvem para suas fam\u00edlias.<\/p>\n<p>&nbsp;<\/p>\n<p>Com essa experi\u00eancia forte e profunda que partilh\u00e1vamos semanalmente com o padre Jonas, Deus foi nos conduzindo \u00e0 sigla PHN, que representa uma das maiores inspira\u00e7\u00f5es para os jovens do nosso tempo, mundo afora. Hoje, o Acampamento PHN re\u00fane milhares de jovens por onde passa.\u00a0 Na Can\u00e7\u00e3o Nova, em Cachoeira Paulista (SP), \u00e9 um dos maiores eventos realizados anualmente, com a simples proposta de n\u00e3o pecar por um dia.<\/p>\n<p>&nbsp;<\/p>\n<p>A Can\u00e7\u00e3o Nova respira a evangeliza\u00e7\u00e3o e o PHN \u00e9, essencialmente, Can\u00e7\u00e3o Nova. Tenho a alegria em estar nesse contexto h\u00e1 20 anos, atingindo a marca fant\u00e1stica de 1040 programas PHN, com mais de mil testemunhos de tirar o f\u00f4lego e nos fazer acreditar que n\u00e3o h\u00e1 imposs\u00edvel para a miseric\u00f3rdia de Deus!<\/p>\n<p>&nbsp;<\/p>\n<p>O tema deste ano: \u201cBasta que sejais jovens para que eu vos ame\u201d, nos d\u00e1 a certeza de que a Can\u00e7\u00e3o Nova e o PHN estavam no cora\u00e7\u00e3o de Dom Bosco, e que o padre Jonas atualiza o carisma salesiano. Falar com a juventude exige duas coisas: simplicidade e radicalidade, e com essa inspira\u00e7\u00e3o estamos chegando ao cora\u00e7\u00e3o de milhares de jovens.<\/p>\n<p>&nbsp;<\/p>\n<p>Nos 20 anos dessa inspira\u00e7\u00e3o, recordo-me de um dizer do povo Judeu quando se completam 20 anos de alguma coisa: \u201cmais 100 como 20\u201d. Portanto, sei que deixamos um legado para a juventude do Brasil e do mundo, e que outros jovens conhecer\u00e3o essa espiritualidade, far\u00e3o sua hist\u00f3ria.<\/p>\n<p>&nbsp;<\/p>\n<p>Celebremos com muita for\u00e7a e alegria, de 18 a 22 de julho, o \u201cPHN 20 anos\u201d, fazendo hist\u00f3ria e testemunhando muitas convers\u00f5es, pois jovens sair\u00e3o das drogas, fam\u00edlias se reconciliar\u00e3o, jovens formar\u00e3o fam\u00edlias, muitos encontrar\u00e3o sua voca\u00e7\u00e3o e o mundo voltar\u00e1 a acreditar que n\u00e3o h\u00e1 limites para o amor de Deus.<\/p>\n<p>&nbsp;<\/p>\n<p><strong><em>* Dunga <\/em><\/strong><em>\u00e9 apresentador do programa PHN (Por Hoje N\u00e3o), transmitido pela TV Can\u00e7\u00e3o Nova. J\u00e1 gravou 14 CDs e 3 DVD\u2019s. Autor de 4 livros e recentemente lan\u00e7ou o CD Acredite pela Gravadora Can\u00e7\u00e3o Nova.<\/em><\/p>\n<p><em>Twitter: @dungaphn<\/em><\/p>\n<p>Fonte: Imprensa Can\u00e7\u00e3o Nova<\/p>\n","protected":false},"excerpt":{"rendered":"<p>Para falarmos sobre o PHN \u00e9 importante recordar o discurso inspirado do padre Jonas Abib em 1998, que nos convidava a viver a experi\u00eancia \u201cou santos ou nada\u201d, uma proposta radical que geraria em n\u00f3s um santo desconforto, tirando-nos da letargia espiritual e ditando para aqueles dias um c\u00f3digo de santidade. &nbsp; Ao mesmo tempo, [&hellip;]<\/p>\n","protected":false},"author":1,"featured_media":42291,"comment_status":"open","ping_status":"closed","sticky":false,"template":"","format":"standard","meta":{"footnotes":""},"categories":[9],"tags":[],"class_list":["post-42294","post","type-post","status-publish","format-standard","has-post-thumbnail","hentry","category-artigos"],"_links":{"self":[{"href":"https:\/\/catolicanet.net\/wp-cnet\/wp-json\/wp\/v2\/posts\/42294","targetHints":{"allow":["GET"]}}],"collection":[{"href":"https:\/\/catolicanet.net\/wp-cnet\/wp-json\/wp\/v2\/posts"}],"about":[{"href":"https:\/\/catolicanet.net\/wp-cnet\/wp-json\/wp\/v2\/types\/post"}],"author":[{"embeddable":true,"href":"https:\/\/catolicanet.net\/wp-cnet\/wp-json\/wp\/v2\/users\/1"}],"replies":[{"embeddable":true,"href":"https:\/\/catolicanet.net\/wp-cnet\/wp-json\/wp\/v2\/comments?post=42294"}],"version-history":[{"count":1,"href":"https:\/\/catolicanet.net\/wp-cnet\/wp-json\/wp\/v2\/posts\/42294\/revisions"}],"predecessor-version":[{"id":42295,"href":"https:\/\/catolicanet.net\/wp-cnet\/wp-json\/wp\/v2\/posts\/42294\/revisions\/42295"}],"wp:featuredmedia":[{"embeddable":true,"href":"https:\/\/catolicanet.net\/wp-cnet\/wp-json\/wp\/v2\/media\/42291"}],"wp:attachment":[{"href":"https:\/\/catolicanet.net\/wp-cnet\/wp-json\/wp\/v2\/media?parent=42294"}],"wp:term":[{"taxonomy":"category","embeddable":true,"href":"https:\/\/catolicanet.net\/wp-cnet\/wp-json\/wp\/v2\/categories?post=42294"},{"taxonomy":"post_tag","embeddable":true,"href":"https:\/\/catolicanet.net\/wp-cnet\/wp-json\/wp\/v2\/tags?post=42294"}],"curies":[{"name":"wp","href":"https:\/\/api.w.org\/{rel}","templated":true}]}}