{"id":4228,"date":"2014-02-14T18:06:53","date_gmt":"2014-02-14T20:06:53","guid":{"rendered":"http:\/\/catolicanet.net\/wp-cnet\/rabino-rosen-visita-de-francisco-a-terra-santa-e-sinal-de-esperanca\/"},"modified":"2017-04-05T09:02:00","modified_gmt":"2017-04-05T12:02:00","slug":"rabino-rosen-visita-de-francisco-a-terra-santa-e-sinal-de-esperanca","status":"publish","type":"post","link":"https:\/\/catolicanet.net\/wp-cnet\/rabino-rosen-visita-de-francisco-a-terra-santa-e-sinal-de-esperanca\/","title":{"rendered":"Rabino Rosen: visita de Francisco \u00e0 Terra Santa \u00e9 sinal de esperan\u00e7a"},"content":{"rendered":"<p style=\"text-align: justify;\">\n<p><img decoding=\"async\" src=\"http:\/\/catolicanet.com.br\/images\/stories\/rabinorosen.jpg\" border=\"0\" align=\"left\" \/>O Papa Francisco recebeu, nesta quinta-feira, no Vaticano, um grupo de 55 pessoas do Comit\u00ea Judaico norte-americano, uma organiza\u00e7\u00e3o que, h\u00e1 anos, mant\u00e9m rela\u00e7\u00f5es com a Santa S\u00e9 e contribui para o di\u00e1logo e a fraternidade entre judeus e crist\u00e3os.<\/p>\n<p>Entre os participantes na audi\u00eancia papal, encontrava-se o rabino David Rosen (foto), que concedeu uma entrevista \u00e0 imprensa. Rosen disse \u201cestar feliz pela visita que o Papa Francisco far\u00e1, em maio pr\u00f3ximo, \u00e0 Terra Santa, apesar da sua brevidade. Tal visita poderia ser mais longa como aquela do Papa Ratzinger, mas parece que o novo Papa n\u00e3o gosta muito de viajar e que, durante suas viagens, n\u00e3o pretende fazer nada mais que o necess\u00e1rio, como aquela ao Rio de Janeiro\u201d.<\/p>\n<p>\u201cO importante, afirmou o rabino, apesar de ser breve, esta visita ser\u00e1 um sucesso garantido. Papa Bergoglio \u00e9 bem-vindo a Israel e todos o aguardam com entusiasmo. Sua visita \u00e0 Terra Santa representa uma grande esperan\u00e7a para o futuro, porque vai lan\u00e7ar uma mensagem de amor, que nada mais \u00e9 que uma mensagem crist\u00e3; sua visita ser\u00e1 uma forte inspira\u00e7\u00e3o para todos os povos do Oriente M\u00e9dio\u201d.<\/p>\n<p>Por sua vez, o Secret\u00e1rio da Comiss\u00e3o para as Rela\u00e7\u00f5es Religiosas com o Juda\u00edsmo, Padre Norbert Hoffman, que tamb\u00e9m participou da audi\u00eancia papal, ressaltou \u201co grande desejo do Papa Francisco de ir \u00e0 Terra Santa. Devemos considerar que esta ser\u00e1 a sua primeira viagem internacional, porque aquela ao Rio de Janeiro j\u00e1 estava programada por Bento XVI\u201d.<\/p>\n<p><strong>Fonte:<\/strong> R\u00e1dio Vaticano<\/p>\n","protected":false},"excerpt":{"rendered":"<p>O Papa Francisco recebeu, nesta quinta-feira, no Vaticano, um grupo de 55 pessoas do Comit\u00ea Judaico norte-americano, uma organiza\u00e7\u00e3o que, h\u00e1 anos, mant\u00e9m rela\u00e7\u00f5es com a Santa S\u00e9 e contribui para o di\u00e1logo e a fraternidade entre judeus e crist\u00e3os. Entre os participantes na audi\u00eancia papal, encontrava-se o rabino David Rosen (foto), que concedeu uma [&hellip;]<\/p>\n","protected":false},"author":1,"featured_media":0,"comment_status":"closed","ping_status":"closed","sticky":false,"template":"","format":"standard","meta":{"footnotes":""},"categories":[3],"tags":[],"class_list":["post-4228","post","type-post","status-publish","format-standard","hentry","category-vaticano"],"_links":{"self":[{"href":"https:\/\/catolicanet.net\/wp-cnet\/wp-json\/wp\/v2\/posts\/4228","targetHints":{"allow":["GET"]}}],"collection":[{"href":"https:\/\/catolicanet.net\/wp-cnet\/wp-json\/wp\/v2\/posts"}],"about":[{"href":"https:\/\/catolicanet.net\/wp-cnet\/wp-json\/wp\/v2\/types\/post"}],"author":[{"embeddable":true,"href":"https:\/\/catolicanet.net\/wp-cnet\/wp-json\/wp\/v2\/users\/1"}],"replies":[{"embeddable":true,"href":"https:\/\/catolicanet.net\/wp-cnet\/wp-json\/wp\/v2\/comments?post=4228"}],"version-history":[{"count":1,"href":"https:\/\/catolicanet.net\/wp-cnet\/wp-json\/wp\/v2\/posts\/4228\/revisions"}],"predecessor-version":[{"id":9293,"href":"https:\/\/catolicanet.net\/wp-cnet\/wp-json\/wp\/v2\/posts\/4228\/revisions\/9293"}],"wp:attachment":[{"href":"https:\/\/catolicanet.net\/wp-cnet\/wp-json\/wp\/v2\/media?parent=4228"}],"wp:term":[{"taxonomy":"category","embeddable":true,"href":"https:\/\/catolicanet.net\/wp-cnet\/wp-json\/wp\/v2\/categories?post=4228"},{"taxonomy":"post_tag","embeddable":true,"href":"https:\/\/catolicanet.net\/wp-cnet\/wp-json\/wp\/v2\/tags?post=4228"}],"curies":[{"name":"wp","href":"https:\/\/api.w.org\/{rel}","templated":true}]}}