{"id":42270,"date":"2018-07-17T15:15:44","date_gmt":"2018-07-17T18:15:44","guid":{"rendered":"http:\/\/catolicanet.net\/wp-cnet\/?p=42270"},"modified":"2018-07-19T09:51:54","modified_gmt":"2018-07-19T12:51:54","slug":"sociedade-joc-desafia-a-transformacao-de-situacoes-gritantes-de-pressao-escolar-e-laboral","status":"publish","type":"post","link":"https:\/\/catolicanet.net\/wp-cnet\/sociedade-joc-desafia-a-transformacao-de-situacoes-gritantes-de-pressao-escolar-e-laboral\/","title":{"rendered":"Sociedade: JOC desafia \u00e0 transforma\u00e7\u00e3o de \u00absitua\u00e7\u00f5es gritantes de press\u00e3o escolar e laboral\u00bb"},"content":{"rendered":"<p>Juventude Oper\u00e1ria Cat\u00f3lica concluiu Campanha Nacional afirmando que os \u00abjovens n\u00e3o s\u00e3o bestas de carta nem m\u00e1quinas\u00bb<br \/>\n<span id=\"more-110504\"><\/span><\/p>\n<p>Lisboa, 17 jul 2018 (Ecclesia) \u2013 A Juventude Oper\u00e1ria Cat\u00f3lica (JOC) afirmou no comunicado final da Campanha Nacional que \u201cos jovens n\u00e3o s\u00e3o bestas de carga nem m\u00e1quinas\u201de desafiou cada um a \u201ctransformar as situa\u00e7\u00f5es gritantes de press\u00e3o escolar e laboral\u201d.<\/p>\n<p>\u201cTudo come\u00e7a por ti, esta press\u00e3o acaba aqui!\u201d, refere o comunicado do grupo de trabalho da Campanha Nacional 2017-2018, apresentado no encontro da JOC que decorreu no \u00faltimo fim-de-semana, em Aveiro.<\/p>\n<blockquote><p>\u201cEnquanto militantes buscamos informar-nos melhor para conseguir apontar caminhos diferentes e esclarecidos, acompanhando de perto as suas op\u00e7\u00f5es, procurando ser rosto e sinal de Deus nos momentos mais dif\u00edceis\u201d.<\/p><\/blockquote>\n<p>Para a JOC, \u00e9 necess\u00e1rio \u201cpartilhar, dar a conhecer e denunciar\u201d as situa\u00e7\u00f5es de \u201copress\u00f5es\u201d que se vivem na escola e no trabalho, procurando depois, \u201catrav\u00e9s de pequenos gestos, individuais e em grupo, transformar as situa\u00e7\u00f5es gritantes de press\u00e3o escolar e laboral\u201d<\/p>\n<p>\u201cSabemos e sentimos que \u00e9 dif\u00edcil dar resposta \u00e0s situa\u00e7\u00f5es de press\u00e3o que vivemos, e que o medo das repres\u00e1lias e\/ou exclus\u00e3o nos impede por vezes de agir\u201d, lembra o comunicado.<\/p>\n<p>Enquanto movimento da Igreja Cat\u00f3lica, a JOC refere que os jovens n\u00e3o est\u00e3o sozinhos perante as dificuldades e o exemplo de Jesus Cristo, a sua \u00a0\u201centrega e amor\u201d ajuda \u201ca fazer a diferen\u00e7a, a contrariar a onda do ego\u00edsmo, da viol\u00eancia, da desigualdade e da discrimina\u00e7\u00e3o\u201d.<\/p>\n<p>\u201cAtualmente, o mundo carece de jovens que se entusiasmem com o compromisso do ser e estar, de se deixarem tocar para transformar\u201d, acrescenta o documento.<\/p>\n<p>\u201c\u00c9 poss\u00edvel construir um Reino de ternura e de amor no aqui e agora, mesmo na escola e no trabalho\u201d, acrescenta o comunicado da Campanha Nacional que, apesar de terminar no Encontro Nacional, n\u00e3o deixa de desafiar os jovens a serem \u201csantamente rebeldes\u201d.<\/p>\n<blockquote><p>\u201cA press\u00e3o \u00e9 uma realidade na vida dos jovens estudantes e trabalhadores! Quem deve estar a\u00ed primeiro? O crist\u00e3o. TU! N\u00d3S!\u201d<\/p><\/blockquote>\n<p>\u201cSa\u00edmos daqui certamente mais ricos e com mais ferramentas para dar resposta \u00e0s situa\u00e7\u00f5es de press\u00e3o que afetam as nossas vidas e as daqueles que nos rodeiam\u201d, conclui o comunicado.<\/p>\n<p>&nbsp;<\/p>\n<p>Fonte: Agencia Ecclesia<\/p>\n","protected":false},"excerpt":{"rendered":"<p>Juventude Oper\u00e1ria Cat\u00f3lica concluiu Campanha Nacional afirmando que os \u00abjovens n\u00e3o s\u00e3o bestas de carta nem m\u00e1quinas\u00bb Lisboa, 17 jul 2018 (Ecclesia) \u2013 A Juventude Oper\u00e1ria Cat\u00f3lica (JOC) afirmou no comunicado final da Campanha Nacional que \u201cos jovens n\u00e3o s\u00e3o bestas de carga nem m\u00e1quinas\u201de desafiou cada um a \u201ctransformar as situa\u00e7\u00f5es gritantes de press\u00e3o [&hellip;]<\/p>\n","protected":false},"author":1,"featured_media":42318,"comment_status":"open","ping_status":"closed","sticky":false,"template":"","format":"standard","meta":{"footnotes":""},"categories":[13],"tags":[],"class_list":["post-42270","post","type-post","status-publish","format-standard","has-post-thumbnail","hentry","category-featured"],"_links":{"self":[{"href":"https:\/\/catolicanet.net\/wp-cnet\/wp-json\/wp\/v2\/posts\/42270","targetHints":{"allow":["GET"]}}],"collection":[{"href":"https:\/\/catolicanet.net\/wp-cnet\/wp-json\/wp\/v2\/posts"}],"about":[{"href":"https:\/\/catolicanet.net\/wp-cnet\/wp-json\/wp\/v2\/types\/post"}],"author":[{"embeddable":true,"href":"https:\/\/catolicanet.net\/wp-cnet\/wp-json\/wp\/v2\/users\/1"}],"replies":[{"embeddable":true,"href":"https:\/\/catolicanet.net\/wp-cnet\/wp-json\/wp\/v2\/comments?post=42270"}],"version-history":[{"count":1,"href":"https:\/\/catolicanet.net\/wp-cnet\/wp-json\/wp\/v2\/posts\/42270\/revisions"}],"predecessor-version":[{"id":42273,"href":"https:\/\/catolicanet.net\/wp-cnet\/wp-json\/wp\/v2\/posts\/42270\/revisions\/42273"}],"wp:featuredmedia":[{"embeddable":true,"href":"https:\/\/catolicanet.net\/wp-cnet\/wp-json\/wp\/v2\/media\/42318"}],"wp:attachment":[{"href":"https:\/\/catolicanet.net\/wp-cnet\/wp-json\/wp\/v2\/media?parent=42270"}],"wp:term":[{"taxonomy":"category","embeddable":true,"href":"https:\/\/catolicanet.net\/wp-cnet\/wp-json\/wp\/v2\/categories?post=42270"},{"taxonomy":"post_tag","embeddable":true,"href":"https:\/\/catolicanet.net\/wp-cnet\/wp-json\/wp\/v2\/tags?post=42270"}],"curies":[{"name":"wp","href":"https:\/\/api.w.org\/{rel}","templated":true}]}}