{"id":4227,"date":"2014-02-14T17:46:40","date_gmt":"2014-02-14T19:46:40","guid":{"rendered":"http:\/\/catolicanet.net\/wp-cnet\/vaticano-papa-recebe-responsaveis-pelo-caminho-neocatecumenal\/"},"modified":"2017-04-05T09:02:24","modified_gmt":"2017-04-05T12:02:24","slug":"vaticano-papa-recebe-responsaveis-pelo-caminho-neocatecumenal","status":"publish","type":"post","link":"https:\/\/catolicanet.net\/wp-cnet\/vaticano-papa-recebe-responsaveis-pelo-caminho-neocatecumenal\/","title":{"rendered":"Vaticano: Papa recebe respons\u00e1veis pelo Caminho Neocatecumenal"},"content":{"rendered":"<p style=\"text-align: justify;\">\n<p>O Papa Francisco recebeu na manh\u00e3 desta sexta-feira, na Casa Santa Marta, no Vaticano, os respons\u00e1veis pelo Caminho Neocatecumenal: Kiko Arg\u00fcello, Carmen Hernandez e Pe. Mario Pezzi.<\/p>\n<p>Durante o encontro, o Papa enviou em miss\u00e3o os presb\u00edteros respons\u00e1veis pelas 28 miss\u00f5es ad gentes do Caminho Neocatecumenal na Fran\u00e7a, Su\u00ed\u00e7a, \u00c1ustria, Dinamarca, Finl\u00e2ndia, Let\u00f4nia, Kosovo, Holanda, Ucr\u00e2nia, Bulg\u00e1ria, Hungria e Estados Unidos.<\/p>\n<p>No \u00faltimo dia 1\u00b0, o Santo Padre enviou 12 miss\u00f5es ad gentes para China, \u00cdndia, Vietn\u00e3 e Mong\u00f3lia. Cada miss\u00e3o ad gentes \u00e9 formada por 4 fam\u00edlias com seus filhos, um sacerdote, um seminarista e duas mulheres solteiras, num total de 25 a 30 pessoas para cada miss\u00e3o.<\/p>\n<p>&#8220;A todos ele disse uma palavra e fez um sinal na testa, depois nos disse: &#8216;Coragem! V\u00e3o em frente, eu estou com voc\u00eas! Estou muito feliz&#8217;. Depois fizemos uma foto com a imagem de Nossa Senhora e nos colocamos de joelho. Ele nos aben\u00e7oou e nos encorajou a seguir em frente. O Papa estava muito feliz&#8221;, disse Kiko Arg\u00fcello em entrevista \u00e0 R\u00e1dio Vaticano.<\/p>\n<p>Falando sobre o trabalho das miss\u00f5es ad gentes, Kiko ressaltou que as fam\u00edlias v\u00e3o para \u00e1reas onde n\u00e3o existe a presen\u00e7a da Igreja, trabalham com pessoas fortemente secularizadas que s\u00e3o tocadas pelo amor dessas fam\u00edlias com muitos filhos e pela rela\u00e7\u00e3o sobrenatural existente entre essas fam\u00edlias e o Esp\u00edrito Santo.<\/p>\n<p><strong>Fonte:<\/strong> R\u00e1dio Vaticano<\/p>\n","protected":false},"excerpt":{"rendered":"<p>O Papa Francisco recebeu na manh\u00e3 desta sexta-feira, na Casa Santa Marta, no Vaticano, os respons\u00e1veis pelo Caminho Neocatecumenal: Kiko Arg\u00fcello, Carmen Hernandez e Pe. Mario Pezzi. Durante o encontro, o Papa enviou em miss\u00e3o os presb\u00edteros respons\u00e1veis pelas 28 miss\u00f5es ad gentes do Caminho Neocatecumenal na Fran\u00e7a, Su\u00ed\u00e7a, \u00c1ustria, Dinamarca, Finl\u00e2ndia, Let\u00f4nia, Kosovo, Holanda, [&hellip;]<\/p>\n","protected":false},"author":1,"featured_media":0,"comment_status":"closed","ping_status":"closed","sticky":false,"template":"","format":"standard","meta":{"footnotes":""},"categories":[3],"tags":[],"class_list":["post-4227","post","type-post","status-publish","format-standard","hentry","category-vaticano"],"_links":{"self":[{"href":"https:\/\/catolicanet.net\/wp-cnet\/wp-json\/wp\/v2\/posts\/4227","targetHints":{"allow":["GET"]}}],"collection":[{"href":"https:\/\/catolicanet.net\/wp-cnet\/wp-json\/wp\/v2\/posts"}],"about":[{"href":"https:\/\/catolicanet.net\/wp-cnet\/wp-json\/wp\/v2\/types\/post"}],"author":[{"embeddable":true,"href":"https:\/\/catolicanet.net\/wp-cnet\/wp-json\/wp\/v2\/users\/1"}],"replies":[{"embeddable":true,"href":"https:\/\/catolicanet.net\/wp-cnet\/wp-json\/wp\/v2\/comments?post=4227"}],"version-history":[{"count":1,"href":"https:\/\/catolicanet.net\/wp-cnet\/wp-json\/wp\/v2\/posts\/4227\/revisions"}],"predecessor-version":[{"id":9294,"href":"https:\/\/catolicanet.net\/wp-cnet\/wp-json\/wp\/v2\/posts\/4227\/revisions\/9294"}],"wp:attachment":[{"href":"https:\/\/catolicanet.net\/wp-cnet\/wp-json\/wp\/v2\/media?parent=4227"}],"wp:term":[{"taxonomy":"category","embeddable":true,"href":"https:\/\/catolicanet.net\/wp-cnet\/wp-json\/wp\/v2\/categories?post=4227"},{"taxonomy":"post_tag","embeddable":true,"href":"https:\/\/catolicanet.net\/wp-cnet\/wp-json\/wp\/v2\/tags?post=4227"}],"curies":[{"name":"wp","href":"https:\/\/api.w.org\/{rel}","templated":true}]}}