{"id":42260,"date":"2018-07-17T10:47:35","date_gmt":"2018-07-17T13:47:35","guid":{"rendered":"http:\/\/catolicanet.net\/wp-cnet\/?p=42260"},"modified":"2018-07-17T10:49:59","modified_gmt":"2018-07-17T13:49:59","slug":"42260-2","status":"publish","type":"post","link":"https:\/\/catolicanet.net\/wp-cnet\/42260-2\/","title":{"rendered":"Papa convida a continuar o di\u00e1logo na Nicar\u00e1gua"},"content":{"rendered":"<div class=\"article__subTitle\">O Papa Francisco convida a prosseguir o di\u00e1logo, ap\u00f3s as agress\u00f5es sofridas por tr\u00eas bispos na \u00faltima segunda-feira. O pa\u00eds \u00e9 palco de greves e manifesta\u00e7\u00f5es desde abril.<\/div>\n<div class=\"title__separator\"><\/div>\n<div class=\"article__text\">\n<p><b>Cidade do Vaticano<\/b><\/p>\n<p>O arcebispo de Man\u00e1gua, cardeal Leopoldo Brenes, falou \u00e0 TV2000 dos bispos italianos depois das agress\u00f5es sofridas na \u00faltima segunda-feira por ele e pelo n\u00fancio apost\u00f3lico Dom Waldemar Stanislaw Sommertag, o bispo auxiliar de Man\u00e1gua, Dom Silvio Baez e Dom Miguel Mantica, por parte de ativistas pr\u00f3ximos ao governo Ortega.<\/p>\n<p>Os atos de viol\u00eancia ocorreram quando os prelados foram expressar sua proximidade a uma comunidade eclesial na cidade de Diriamba, pelas quatro mortes de seus membros ocorridas durante manifesta\u00e7\u00f5es contra o governo.<\/p>\n<p>&#8220;O di\u00e1logo &#8211; disse o cardeal Brenes &#8211; \u00e9 a \u00fanica maneira de chegar \u00e0 pacifica\u00e7\u00e3o do pa\u00eds. O Papa nos encoraja a continuar com o trabalho de di\u00e1logo, a manter a unidade da Confer\u00eancia Episcopal e estar pr\u00f3ximos a nossa popula\u00e7\u00e3o em seu sofrimento. Ele oferece a sua ora\u00e7\u00e3o para que possamos continuar nossa miss\u00e3o&#8221;.<\/p>\n<p>&#8220;Humanamente &#8211; disse o purpurado &#8211; temos medo, mas o acompanhamento de nossos sacerdotes atrav\u00e9s da ora\u00e7\u00e3o \u00e9 uma for\u00e7a constante para n\u00f3s&#8221;.<\/p>\n<p>O n\u00fancio na Nicar\u00e1gua, Dom Waldemar Stanislaw Sommertag, disse que o Papa Francisco est\u00e1 &#8220;muito preocupado&#8221; com o ato de agress\u00e3o contra os tr\u00eas bispos ocorrido na \u00faltima segunda-feira e pede &#8220;que sejam respeitados os direitos humanos&#8221; de todos, n\u00e3o s\u00f3 dos bispos.&#8221; \u201cN\u00f3s deixamos de lado as amea\u00e7as e confiamos em Deus, que \u00e9 o Senhor da hist\u00f3ria, da vida e de cada um de n\u00f3s.&#8221;<\/p>\n<p>Hoje \u00e9 o terceiro dia de uma greve geral convocada pela oposi\u00e7\u00e3o para exigir a ren\u00fancia do presidente Ortega. Ontem houve novos confrontos. Os Estados Unidos est\u00e3o trabalhando com outros pa\u00edses americanos para se encontrar uma resolu\u00e7\u00e3o a ser apresentada \u00e0 OEA, para solicitar ao Presidente Ortega um calend\u00e1rio que leve o pa\u00eds a novas elei\u00e7\u00f5es em breve. Ortega disse que vai permanecer no cargo at\u00e9 2021.<\/p>\n<p>S\u00e3o mais de 300 os mortos desde o in\u00edcio dos confrontos em meados de abril.<\/p>\n<div>\n<div class=\"article__embed article__embed--unwrap article__embed--dark\">\n<div class=\"article__innerTitle\">\n<p>Ou\u00e7a e compartilhe!<\/p>\n<!--[if lt IE 9]><script>document.createElement('audio');<\/script><![endif]-->\n<audio class=\"wp-audio-shortcode\" id=\"audio-42260-1\" preload=\"none\" style=\"width: 100%;\" controls=\"controls\"><source type=\"audio\/mpeg\" src=\"https:\/\/media.vaticannews.va\/media\/audio\/s1\/2018\/7\/14\/13\/134533011_F134533011.mp3?_=1\" \/><a href=\"https:\/\/media.vaticannews.va\/media\/audio\/s1\/2018\/7\/14\/13\/134533011_F134533011.mp3\">https:\/\/media.vaticannews.va\/media\/audio\/s1\/2018\/7\/14\/13\/134533011_F134533011.mp3<\/a><\/audio>\n<\/div>\n<div>Fonte: R\u00e1dio Vaticano<\/div>\n<\/div>\n<div><\/div>\n<\/div>\n<\/div>\n","protected":false},"excerpt":{"rendered":"<p>O Papa Francisco convida a prosseguir o di\u00e1logo, ap\u00f3s as agress\u00f5es sofridas por tr\u00eas bispos na \u00faltima segunda-feira. O pa\u00eds \u00e9 palco de greves e manifesta\u00e7\u00f5es desde abril. Cidade do Vaticano O arcebispo de Man\u00e1gua, cardeal Leopoldo Brenes, falou \u00e0 TV2000 dos bispos italianos depois das agress\u00f5es sofridas na \u00faltima segunda-feira por ele e pelo [&hellip;]<\/p>\n","protected":false},"author":1,"featured_media":42261,"comment_status":"open","ping_status":"closed","sticky":false,"template":"","format":"standard","meta":{"footnotes":""},"categories":[13],"tags":[],"class_list":["post-42260","post","type-post","status-publish","format-standard","has-post-thumbnail","hentry","category-featured"],"_links":{"self":[{"href":"https:\/\/catolicanet.net\/wp-cnet\/wp-json\/wp\/v2\/posts\/42260","targetHints":{"allow":["GET"]}}],"collection":[{"href":"https:\/\/catolicanet.net\/wp-cnet\/wp-json\/wp\/v2\/posts"}],"about":[{"href":"https:\/\/catolicanet.net\/wp-cnet\/wp-json\/wp\/v2\/types\/post"}],"author":[{"embeddable":true,"href":"https:\/\/catolicanet.net\/wp-cnet\/wp-json\/wp\/v2\/users\/1"}],"replies":[{"embeddable":true,"href":"https:\/\/catolicanet.net\/wp-cnet\/wp-json\/wp\/v2\/comments?post=42260"}],"version-history":[{"count":3,"href":"https:\/\/catolicanet.net\/wp-cnet\/wp-json\/wp\/v2\/posts\/42260\/revisions"}],"predecessor-version":[{"id":42264,"href":"https:\/\/catolicanet.net\/wp-cnet\/wp-json\/wp\/v2\/posts\/42260\/revisions\/42264"}],"wp:featuredmedia":[{"embeddable":true,"href":"https:\/\/catolicanet.net\/wp-cnet\/wp-json\/wp\/v2\/media\/42261"}],"wp:attachment":[{"href":"https:\/\/catolicanet.net\/wp-cnet\/wp-json\/wp\/v2\/media?parent=42260"}],"wp:term":[{"taxonomy":"category","embeddable":true,"href":"https:\/\/catolicanet.net\/wp-cnet\/wp-json\/wp\/v2\/categories?post=42260"},{"taxonomy":"post_tag","embeddable":true,"href":"https:\/\/catolicanet.net\/wp-cnet\/wp-json\/wp\/v2\/tags?post=42260"}],"curies":[{"name":"wp","href":"https:\/\/api.w.org\/{rel}","templated":true}]}}