{"id":42241,"date":"2018-07-16T08:36:47","date_gmt":"2018-07-16T11:36:47","guid":{"rendered":"http:\/\/catolicanet.net\/wp-cnet\/?p=42241"},"modified":"2018-07-17T08:59:28","modified_gmt":"2018-07-17T11:59:28","slug":"o-nosso-maior-problema","status":"publish","type":"post","link":"https:\/\/catolicanet.net\/wp-cnet\/o-nosso-maior-problema\/","title":{"rendered":"O nosso maior problema"},"content":{"rendered":"<p>Por n\u00e3o conhecer o inconsciente, as emo\u00e7\u00f5es e o c\u00e9rebro tem muita gente que padece em muitos sofrimentos, doen\u00e7as, conflitos nos relacionamentos, crises perturbadoras, projetos falidos, amor n\u00e3o correspondido, vive sem amigos, carrega traumas pesados, feridas terr\u00edveis na alma, desejo de vingan\u00e7a, ci\u00fame doentio, inveja exacerbada, pensamentos negativos, ansiedade, depress\u00e3o, mania de suic\u00eddio e o mais grave \u00e9 n\u00e3o procurar conhecimentos desses fatores e n\u00e3o busca ajuda de um profissional da sa\u00fade mental.<\/p>\n<p><strong>O inconsciente<\/strong><\/p>\n<p>Estudo do inconsciente que o famoso psiquiatra austr\u00edaco e m\u00e9dico neurologista Dr. Sigmund Freud formulou representou um marco na hist\u00f3ria da psicologia. Esse submundo estranho, tenebroso, arquivo dos traumas, frustra\u00e7\u00f5es, recalques, fascinante gerador de fantasias, lapsos e impulsos n\u00e3o control\u00e1veis nos permitiu, por fim, ver grande parte dos transtornos mentais n\u00e3o como doen\u00e7as som\u00e1ticas, n\u00e3o como doen\u00e7as do c\u00e9rebro, mas como altera\u00e7\u00f5es pontuais na nossa mente. Dr. Freud foi o primeiro a falar sobre os traumas emocionais, os conflitos mentais, as lembran\u00e7as escondidas na mente\u2026<\/p>\n<p>De forma magistral ele afirmou: \u201cNem sempre \u00e9 a raz\u00e3o que governa nossas a\u00e7\u00f5es. Impulsos irracionais determinam nossos pensamentos, nossos sonhos e nossas a\u00e7\u00f5es. Tais impulsos irracionais s\u00e3o capazes de trazer \u00e0 luz instintos e necessidades que est\u00e3o profundamente enraizados dentro de n\u00f3s. As emo\u00e7\u00f5es n\u00e3o expressas nunca morrem. Elas s\u00e3o enterradas vivas e saem de piores formas mais tarde\u201d.<\/p>\n<p>Traumas n\u00e3o extirpados, emo\u00e7\u00f5es sufocadas, car\u00eancia afetiva n\u00e3o resolvida, intimidade sem sentimentos e a conviv\u00eancia sem amor, causa doen\u00e7as e dist\u00farbios terr\u00edveis. A aus\u00eancia da intelig\u00eancia para lidar com sabedoria na quest\u00e3o psicol\u00f3gica \u00e9 fatal para totalidade humana! O pensamento do respeitado escritor e psiquiatra Dr. Augusto Cury \u00e9 por demais verdadeiro: \u201cO afeto e a intelig\u00eancia curam as feridas da alma, reescrevem as p\u00e1ginas do inconsciente\u201d.<\/p>\n<p><strong>O c\u00e9rebro<\/strong><\/p>\n<p>O c\u00e9rebro \u00e9 o dispositivo mais complicado que existe no universo, aprendemos mais sobre ele nos \u00faltimos cinco anos do que nos \u00faltimos cinco mil anos.<\/p>\n<p>Na profunda afirma\u00e7\u00e3o do escritor ingl\u00eas, psic\u00f3logo e renomado estudioso do c\u00e9rebro Dr. Tony Buzan: \u201cVoc\u00ea aproveita a sua mente ao m\u00e1ximo estudando, em primeiro lugar, o que ela \u00e9\u201d.<\/p>\n<p>Qual a diferen\u00e7a entre mente e c\u00e9rebro? C\u00e9rebro \u00e9 o \u00f3rg\u00e3o f\u00edsico central do sistema nervoso. Mente, por sua vez, \u00e9 uma palavra utilizada para descrever as fun\u00e7\u00f5es intelectuais superiores do c\u00e9rebro. Est\u00e1 relacionada, portanto, com o funcionamento do c\u00e9rebro.<\/p>\n<p>Logo, um c\u00e9rebro saud\u00e1vel implica, necessariamente, em uma mente em forma. As duas coisas est\u00e3o conectadas? Da\u00ed a frase bem conhecida e verdadeira: \u201cMente s\u00e3, corpo s\u00e3\u201d.<\/p>\n<p><strong>Terapia e autoconhecimento<\/strong><\/p>\n<p>\u00c9 de grande import\u00e2ncia o processo de autodescoberta, autoencontro, ou seja, buscar o autoconhecimento com ajuda da psicoterapia, pois o sujeito n\u00e3o esta preparado para faz\u00ea-lo por si s\u00f3. A capacidade cient\u00edfica do profissional auxiliar\u00e1 o paciente no profundo mergulho dentro de si mesmo e o libertando progressivamente de seus traumas, suas m\u00e1scaras, suas fantasias perniciosas, repress\u00f5es doentias, sua dupla personalidade, maldade e sua neurose de perseguir os outros.<\/p>\n<p>\u201cQuando eu quis tirar a m\u00e1scara ela estava pregada \u00e0 cara. Quando enfim tirei e me vi no espelho j\u00e1 tinha envelhecido muito\u201d, disse o c\u00e9lebre poeta portugu\u00eas Fernando Pessoa.<\/p>\n<p>Quando nossa falsa apar\u00eancia domina o nosso modo de viver e temos resist\u00eancia de mudar, estamos muito doentes, a face horr\u00edvel e comportamento prejudicial.<\/p>\n<p><strong>O maior problema da pessoa bo\u00e7al, est\u00fapida e perversa n\u00e3o \u00e9 s\u00f3 a sua pr\u00f3pria autodestrui\u00e7\u00e3o, \u00e9 o mal que ela faz para os outros, principalmente aos que est\u00e3o mais pr\u00f3ximo dela. <\/strong><\/p>\n<p>O bem maior \u00e9 a consci\u00eancia intelectual de buscar terapia do autoconhecimento para viver com qualidade de vida em toda configura\u00e7\u00e3o da esfera humana.<\/p>\n<p>&nbsp;<\/p>\n","protected":false},"excerpt":{"rendered":"<p>Por n\u00e3o conhecer o inconsciente, as emo\u00e7\u00f5es e o c\u00e9rebro tem muita gente que padece em muitos sofrimentos, doen\u00e7as, conflitos nos relacionamentos, crises perturbadoras, projetos falidos, amor n\u00e3o correspondido, vive sem amigos, carrega traumas pesados, feridas terr\u00edveis na alma, desejo de vingan\u00e7a, ci\u00fame doentio, inveja exacerbada, pensamentos negativos, ansiedade, depress\u00e3o, mania de suic\u00eddio e o [&hellip;]<\/p>\n","protected":false},"author":16,"featured_media":32788,"comment_status":"open","ping_status":"closed","sticky":false,"template":"","format":"standard","meta":{"footnotes":""},"categories":[9],"tags":[],"class_list":["post-42241","post","type-post","status-publish","format-standard","has-post-thumbnail","hentry","category-artigos"],"_links":{"self":[{"href":"https:\/\/catolicanet.net\/wp-cnet\/wp-json\/wp\/v2\/posts\/42241","targetHints":{"allow":["GET"]}}],"collection":[{"href":"https:\/\/catolicanet.net\/wp-cnet\/wp-json\/wp\/v2\/posts"}],"about":[{"href":"https:\/\/catolicanet.net\/wp-cnet\/wp-json\/wp\/v2\/types\/post"}],"author":[{"embeddable":true,"href":"https:\/\/catolicanet.net\/wp-cnet\/wp-json\/wp\/v2\/users\/16"}],"replies":[{"embeddable":true,"href":"https:\/\/catolicanet.net\/wp-cnet\/wp-json\/wp\/v2\/comments?post=42241"}],"version-history":[{"count":1,"href":"https:\/\/catolicanet.net\/wp-cnet\/wp-json\/wp\/v2\/posts\/42241\/revisions"}],"predecessor-version":[{"id":42242,"href":"https:\/\/catolicanet.net\/wp-cnet\/wp-json\/wp\/v2\/posts\/42241\/revisions\/42242"}],"wp:featuredmedia":[{"embeddable":true,"href":"https:\/\/catolicanet.net\/wp-cnet\/wp-json\/wp\/v2\/media\/32788"}],"wp:attachment":[{"href":"https:\/\/catolicanet.net\/wp-cnet\/wp-json\/wp\/v2\/media?parent=42241"}],"wp:term":[{"taxonomy":"category","embeddable":true,"href":"https:\/\/catolicanet.net\/wp-cnet\/wp-json\/wp\/v2\/categories?post=42241"},{"taxonomy":"post_tag","embeddable":true,"href":"https:\/\/catolicanet.net\/wp-cnet\/wp-json\/wp\/v2\/tags?post=42241"}],"curies":[{"name":"wp","href":"https:\/\/api.w.org\/{rel}","templated":true}]}}