{"id":4223,"date":"2014-02-14T17:14:34","date_gmt":"2014-02-14T19:14:34","guid":{"rendered":"http:\/\/catolicanet.net\/wp-cnet\/anchieta-na-pauta-do-encontro-do-card-scherer-com-o-papa\/"},"modified":"2017-04-05T09:03:46","modified_gmt":"2017-04-05T12:03:46","slug":"anchieta-na-pauta-do-encontro-do-card-scherer-com-o-papa","status":"publish","type":"post","link":"https:\/\/catolicanet.net\/wp-cnet\/anchieta-na-pauta-do-encontro-do-card-scherer-com-o-papa\/","title":{"rendered":"Anchieta na pauta do encontro do Card. Scherer com o Papa"},"content":{"rendered":"<p style=\"text-align: justify;\">\n<p><img decoding=\"async\" src=\"http:\/\/catolicanet.com.br\/images\/stories\/anchieta14.jpg\" border=\"0\" align=\"left\" \/>O Arcebispo de S\u00e3o Paulo, Cardeal Odilo Pedro Scherer, est\u00e1 no Vaticano e ser\u00e1 recebido pelo Papa Francisco s\u00e1bado, 15 de fevereiro. Em conversa com a R\u00e1dio Vaticano, Dom Odilo adiantou que a canoniza\u00e7\u00e3o do Beato Jos\u00e9 de Anchieta estar\u00e1 na pauta do encontro.<\/p>\n<p>\u201c\u00c9 verdade, eu pedi para encontrar o Papa para ter ocasi\u00e3o de uma palavra pessoal com ele. Vamos falar de temas como a vida da Arquidiocese de S\u00e3o Paulo e da alegria da expectativa da canoniza\u00e7\u00e3o do Padre Anchieta, quero me referir tamb\u00e9m \u00e0 beatifica\u00e7\u00e3o de Madre Assunta Marchetti, em 25 de outubro, e outras quest\u00f5es sobre a vida da Igreja\u201d.<\/p>\n<p>\u201cEra um vivo desejo do Papa Francisco, de pessoalmente fazer a canoniza\u00e7\u00e3o do Beato Jos\u00e9 de Anchieta, e isto poder\u00e1 acontecer em breve. N\u00e3o temos ainda a confirma\u00e7\u00e3o, mas sabemos que as coisas est\u00e3o caminhando para a canoniza\u00e7\u00e3o em breve. Isto ser\u00e1 para n\u00f3s, em S\u00e3o Paulo e no Brasil, um est\u00edmulo grande neste momento de Nova Evangeliza\u00e7\u00e3o, de convers\u00e3o mission\u00e1ria da Igreja, em sa\u00edda, como tem dito Papa Francisco\u201d.<\/p>\n<p>\u201cAnchieta, mission\u00e1rio de m\u00e3o cheio, nas origens da evangeliza\u00e7\u00e3o do Brasil e especialmente em S\u00e3o Paulo. A cidade nasceu em torno da miss\u00e3o dos jesu\u00edtas onde hoje est\u00e1 a Catedral da S\u00e9, onde Pe. Anchieta e Pe. N\u00f3brega estiveram desde o come\u00e7o. N\u00f3s em S\u00e3o Paulo temos tudo a ver com Padre Anchieta. Consideramos ele como aquele que iniciou a vida da Igreja em S\u00e3o Paulo. A canoniza\u00e7\u00e3o de Pe. Anchieta ser\u00e1 motivo para que hoje fa\u00e7amos novamente a a\u00e7\u00e3o mission\u00e1ria voltada para as situa\u00e7\u00f5es atuais daquela que n\u00e3o \u00e9 mais a aldeia ind\u00edgena origin\u00e1ria, mas uma enorme metr\u00f3pole\u201d.<\/p>\n<p>O mission\u00e1rio jesu\u00edta, que chegou ao Brasil aos 19 anos, em 1553, era natural de Tenerife, nas Ilhas Can\u00e1rias. Anchieta foi beatificado pelo Papa Jo\u00e3o Paulo II, em Roma, em 22 de junho de 1980.<\/p>\n<p><strong>Fonte:<\/strong> R\u00e1dio Vaticano<\/p>\n","protected":false},"excerpt":{"rendered":"<p>O Arcebispo de S\u00e3o Paulo, Cardeal Odilo Pedro Scherer, est\u00e1 no Vaticano e ser\u00e1 recebido pelo Papa Francisco s\u00e1bado, 15 de fevereiro. Em conversa com a R\u00e1dio Vaticano, Dom Odilo adiantou que a canoniza\u00e7\u00e3o do Beato Jos\u00e9 de Anchieta estar\u00e1 na pauta do encontro. \u201c\u00c9 verdade, eu pedi para encontrar o Papa para ter ocasi\u00e3o [&hellip;]<\/p>\n","protected":false},"author":1,"featured_media":0,"comment_status":"closed","ping_status":"closed","sticky":false,"template":"","format":"standard","meta":{"footnotes":""},"categories":[3],"tags":[],"class_list":["post-4223","post","type-post","status-publish","format-standard","hentry","category-vaticano"],"_links":{"self":[{"href":"https:\/\/catolicanet.net\/wp-cnet\/wp-json\/wp\/v2\/posts\/4223","targetHints":{"allow":["GET"]}}],"collection":[{"href":"https:\/\/catolicanet.net\/wp-cnet\/wp-json\/wp\/v2\/posts"}],"about":[{"href":"https:\/\/catolicanet.net\/wp-cnet\/wp-json\/wp\/v2\/types\/post"}],"author":[{"embeddable":true,"href":"https:\/\/catolicanet.net\/wp-cnet\/wp-json\/wp\/v2\/users\/1"}],"replies":[{"embeddable":true,"href":"https:\/\/catolicanet.net\/wp-cnet\/wp-json\/wp\/v2\/comments?post=4223"}],"version-history":[{"count":1,"href":"https:\/\/catolicanet.net\/wp-cnet\/wp-json\/wp\/v2\/posts\/4223\/revisions"}],"predecessor-version":[{"id":9298,"href":"https:\/\/catolicanet.net\/wp-cnet\/wp-json\/wp\/v2\/posts\/4223\/revisions\/9298"}],"wp:attachment":[{"href":"https:\/\/catolicanet.net\/wp-cnet\/wp-json\/wp\/v2\/media?parent=4223"}],"wp:term":[{"taxonomy":"category","embeddable":true,"href":"https:\/\/catolicanet.net\/wp-cnet\/wp-json\/wp\/v2\/categories?post=4223"},{"taxonomy":"post_tag","embeddable":true,"href":"https:\/\/catolicanet.net\/wp-cnet\/wp-json\/wp\/v2\/tags?post=4223"}],"curies":[{"name":"wp","href":"https:\/\/api.w.org\/{rel}","templated":true}]}}