{"id":42200,"date":"2018-07-12T14:17:37","date_gmt":"2018-07-12T17:17:37","guid":{"rendered":"http:\/\/catolicanet.net\/wp-cnet\/?p=42200"},"modified":"2018-07-13T11:49:47","modified_gmt":"2018-07-13T14:49:47","slug":"missao-jovens-summer3fest-o-festival-catolico-aberto-a-todos-na-costa-de-caparica","status":"publish","type":"post","link":"https:\/\/catolicanet.net\/wp-cnet\/missao-jovens-summer3fest-o-festival-catolico-aberto-a-todos-na-costa-de-caparica\/","title":{"rendered":"Miss\u00e3o\/Jovens: \u00abSummer3Fest\u00bb, o festival cat\u00f3lico \u00ababerto a todos\u00bb na Costa de Caparica"},"content":{"rendered":"<p><em>Padre Carlos Silva afirma que \u00abvai ser um encontro agrad\u00e1vel mesmo para descrentes\u00bb<\/em><span id=\"more-110160\"><\/span><\/p>\n<p><a class=\"fbx-link fbx-instance\" href=\"http:\/\/www.agencia.ecclesia.pt\/portal\/wp-content\/uploads\/2018\/07\/Cartaz-final.jpeg\"><img loading=\"lazy\" decoding=\"async\" class=\"wp-image-109828 size-medium alignleft\" src=\"http:\/\/www.agencia.ecclesia.pt\/portal\/wp-content\/uploads\/2018\/07\/Cartaz-final-300x200.jpeg\" sizes=\"auto, (max-width: 300px) 100vw, 300px\" srcset=\"http:\/\/www.agencia.ecclesia.pt\/portal\/wp-content\/uploads\/2018\/07\/Cartaz-final-300x200.jpeg 300w, http:\/\/www.agencia.ecclesia.pt\/portal\/wp-content\/uploads\/2018\/07\/Cartaz-final-768x512.jpeg 768w, http:\/\/www.agencia.ecclesia.pt\/portal\/wp-content\/uploads\/2018\/07\/Cartaz-final-1024x683.jpeg 1024w, http:\/\/www.agencia.ecclesia.pt\/portal\/wp-content\/uploads\/2018\/07\/Cartaz-final-1080x720.jpeg 1080w, http:\/\/www.agencia.ecclesia.pt\/portal\/wp-content\/uploads\/2018\/07\/Cartaz-final.jpeg 1129w\" alt=\"\" width=\"300\" height=\"200\" \/><\/a>Set\u00fabal, 12 jul 2018 (Ecclesia) \u2013 O diretor do Secretariado Diocesano da Pastoral das Miss\u00f5es de Set\u00fabal afirmou que o festival \u2018Summer3Fest\u2019 quer proporcionar aos jovens \u201ca possibilidade de ser mission\u00e1rio\u201d na diocese, de 13 a 15 de julho, na Costa de Caparica.<\/p>\n<p>\u201cPensamos fazer uma miss\u00e3o na nossa diocese, num lugar apraz\u00edvel junto da praia, onde v\u00e3o encontrar mutos jovens e fam\u00edlias. A partir deste conv\u00edvio, com estas atividades, proporcionar a qualquer jovem a possibilidade de ser mission\u00e1rio\u201d, disse hoje o padre Carlos Silva.<\/p>\n<p>Em declara\u00e7\u00f5es \u00e0 Ag\u00eancia ECCLESIA, o sacerdote explicou que no \u2018Summer3Fest\u2019 os jovens n\u00e3o v\u00e3o apenas \u201cpara receber, nem participar nas atividades\u201d mas a partir da forma\u00e7\u00e3o que v\u00e3o receber \u201cfazer miss\u00e3o junto da praia, poder\u00edamos dizer mais l\u00fadica, informal\u201d.<\/p>\n<p>\u201cMas \u00e9 sempre de anunciar Jesus Cristo e o seu Evangelho\u201d, salientou.<\/p>\n<p>O \u2018Summer3Fest \u2013 A felicidade est\u00e1 aqui\u2019 come\u00e7a esta sexta-feira e termina domingo, com a Eucaristia presidida pelo bispo de Set\u00fabal, D. Jos\u00e9 Ornelas, \u00e0s 10h30, no Parque Urbano da Costa de Caparica.<\/p>\n<p>O padre Carlos Silva explica que a festa de ver\u00e3o n\u00e3o \u00e9 \u201cdedicada mas em hora da Trindade e a partir da Trindade de Deus\u201d, por isso, o n\u00famero \u201c3\u201d.<\/p>\n<p>Quanto \u00e0 \u201cfelicidade\u201d o exemplo partiu do exemplo dos festivais de ver\u00e3o do que se realizam em Portugal e quiseram \u201cassociar bem-estar e conv\u00edvio\u201d ao evento cat\u00f3lico que se vai realizar no mesmo local onde depois vai ter lugar o festival \u2018Sol da Caparica\u2019.<\/p>\n<p>J\u00e1 o padre Luiz Paulo, do Instituto Alian\u00e7a da Miseric\u00f3rdia, parceira na organiza\u00e7\u00e3o juntamente com a Comunidade Shalom, acrescenta que \u201conde est\u00e1 Deus\u201d tamb\u00e9m est\u00e1 \u201ca felicidade\u201d.<\/p>\n<p>\u201cO objetivo \u00e9 anunciar que o sol da nossa vida, o verdadeiro sol, \u00e9 Cristo que ilumina a nossa vida, a nossa hist\u00f3ria\u201d, assinala o sacerdote, explicando que querem propor a \u201caventura de f\u00e9\u201d.<\/p>\n<p>Neste contexto, o padre Carlos Silva convida todos que passarem pela praia da Costa de Caparica, pelo parque urbano,\u00a0 \u201ca partilharem a sua vida e a sua f\u00e9\u201d, a conhecerem, jogar e cantar.<\/p>\n<blockquote><p>\u201cVai ser um encontro agrad\u00e1vel mesmo para descrentes, mesmo para quem n\u00e3o conhece a f\u00e9, e para todos os jovens que tenham o sentido da vida, das coisas boas da vida\u201d, destacou.<\/p><\/blockquote>\n<p><a class=\"fbx-link fbx-instance\" href=\"http:\/\/www.agencia.ecclesia.pt\/portal\/wp-content\/uploads\/2018\/07\/Summer3Fest_Set%C3%BAbal-1.jpg\"><img loading=\"lazy\" decoding=\"async\" class=\"alignright wp-image-110162 size-medium\" src=\"http:\/\/www.agencia.ecclesia.pt\/portal\/wp-content\/uploads\/2018\/07\/Summer3Fest_Set%C3%BAbal-1-204x300.jpg\" sizes=\"auto, (max-width: 204px) 100vw, 204px\" srcset=\"http:\/\/www.agencia.ecclesia.pt\/portal\/wp-content\/uploads\/2018\/07\/Summer3Fest_Set\u00fabal-1-204x300.jpg 204w, http:\/\/www.agencia.ecclesia.pt\/portal\/wp-content\/uploads\/2018\/07\/Summer3Fest_Set\u00fabal-1.jpg 653w\" alt=\"\" width=\"204\" height=\"300\" \/><\/a>Do programa destacam-se forma\u00e7\u00f5es curtas sobre evangeliza\u00e7\u00e3o, de cerca de 30 minutos, e depois quem quiser, com os materiais da organiza\u00e7\u00e3o, \u201cinformalmente\u201d vai evangelizar as pessoas que estiverem pelo parque urbano.<\/p>\n<p>H\u00e1 tamb\u00e9m jogos de praia, uma tenda de adora\u00e7\u00e3o, Eucaristia, sacerdotes para o Sacramento da Reconcilia\u00e7\u00e3o e tamb\u00e9m \u201cconv\u00edvio e partilha da vida a partir dos testemunhos\u201d de mission\u00e1rios, e\u00a0m\u00fasica, como \u00e9 caracter\u00edstica dos festivais de ver\u00e3o, com uma banda da Par\u00f3quia da Arrentela, e as bandas dos dois institutos mission\u00e1rios que participam na organiza\u00e7\u00e3o.<\/p>\n<p>O padre Luiz Paulo, da Alian\u00e7a da Miseric\u00f3rdia, sublinha que o \u201cdesejo\u201d nos pr\u00f3ximo tr\u00eas dias \u00e9 \u201canunciar a todos os jovens e pessoas Deus est\u00e1 onde elas est\u00e3o\u201d e do programa destaca, como \u201cponto alto\u201d, a Missa de encerramento com o bispo diocesano, \u201conde Cristo est\u00e1, a felicidade est\u00e1 aqui\u201d.<\/p>\n<p>J\u00e1 o diretor do Secretariado Diocesano da Pastoral das Miss\u00f5es de Set\u00fabal explica que o \u2018Summer3Fest\u2019 surge no seguimento das atividades que o secretariado promove de anima\u00e7\u00e3o mission\u00e1ria e observa que \u201ch\u00e1 um bom n\u00famero de jovens com vontade, pelo menos com desejo, de fazer miss\u00e3o\u201d mas nem sempre t\u00eam essa possibilidade, seja em Portugal ou ad gentes.<\/p>\n<p>Para a primeira edi\u00e7\u00e3o pretendem, \u201cantes de mais\u201d, p\u00f4r \u201ca render os dons que Deus d\u00e1\u201d e que encontram na Diocese de Set\u00fabal e depois dos jovens partilharem tamb\u00e9m ideias e \u201cconhecerem melhor as realidades mission\u00e1rias\u201d v\u00e3o convidar a \u201cintegrarem um grupo, um movimento, uma experi\u00eancia mission\u00e1ria\u201d ou, simplesmente, \u201cintegrarem a par\u00f3quia\u201d.<\/p>\n<p>\u201c\u00c9 uma ponte para a vida crist\u00e3 que temos na nossa diocese e tamb\u00e9m para a pastoral dos jovens, a pastoral da juventude\u201d, destaca o padre Carlos Silva.<\/p>\n<p>&nbsp;<\/p>\n<p>Fonte: Agencia Ecclesia<\/p>\n","protected":false},"excerpt":{"rendered":"<p>Padre Carlos Silva afirma que \u00abvai ser um encontro agrad\u00e1vel mesmo para descrentes\u00bb Set\u00fabal, 12 jul 2018 (Ecclesia) \u2013 O diretor do Secretariado Diocesano da Pastoral das Miss\u00f5es de Set\u00fabal afirmou que o festival \u2018Summer3Fest\u2019 quer proporcionar aos jovens \u201ca possibilidade de ser mission\u00e1rio\u201d na diocese, de 13 a 15 de julho, na Costa de [&hellip;]<\/p>\n","protected":false},"author":1,"featured_media":42225,"comment_status":"open","ping_status":"closed","sticky":false,"template":"","format":"standard","meta":{"footnotes":""},"categories":[4],"tags":[],"class_list":["post-42200","post","type-post","status-publish","format-standard","has-post-thumbnail","hentry","category-cotidiano"],"_links":{"self":[{"href":"https:\/\/catolicanet.net\/wp-cnet\/wp-json\/wp\/v2\/posts\/42200","targetHints":{"allow":["GET"]}}],"collection":[{"href":"https:\/\/catolicanet.net\/wp-cnet\/wp-json\/wp\/v2\/posts"}],"about":[{"href":"https:\/\/catolicanet.net\/wp-cnet\/wp-json\/wp\/v2\/types\/post"}],"author":[{"embeddable":true,"href":"https:\/\/catolicanet.net\/wp-cnet\/wp-json\/wp\/v2\/users\/1"}],"replies":[{"embeddable":true,"href":"https:\/\/catolicanet.net\/wp-cnet\/wp-json\/wp\/v2\/comments?post=42200"}],"version-history":[{"count":1,"href":"https:\/\/catolicanet.net\/wp-cnet\/wp-json\/wp\/v2\/posts\/42200\/revisions"}],"predecessor-version":[{"id":42201,"href":"https:\/\/catolicanet.net\/wp-cnet\/wp-json\/wp\/v2\/posts\/42200\/revisions\/42201"}],"wp:featuredmedia":[{"embeddable":true,"href":"https:\/\/catolicanet.net\/wp-cnet\/wp-json\/wp\/v2\/media\/42225"}],"wp:attachment":[{"href":"https:\/\/catolicanet.net\/wp-cnet\/wp-json\/wp\/v2\/media?parent=42200"}],"wp:term":[{"taxonomy":"category","embeddable":true,"href":"https:\/\/catolicanet.net\/wp-cnet\/wp-json\/wp\/v2\/categories?post=42200"},{"taxonomy":"post_tag","embeddable":true,"href":"https:\/\/catolicanet.net\/wp-cnet\/wp-json\/wp\/v2\/tags?post=42200"}],"curies":[{"name":"wp","href":"https:\/\/api.w.org\/{rel}","templated":true}]}}