{"id":42197,"date":"2018-07-12T14:12:05","date_gmt":"2018-07-12T17:12:05","guid":{"rendered":"http:\/\/catolicanet.net\/wp-cnet\/?p=42197"},"modified":"2018-07-12T14:12:05","modified_gmt":"2018-07-12T17:12:05","slug":"balanco-2017-do-hospital-bambino-gesu-aumentam-internacoes-e-pesquisas","status":"publish","type":"post","link":"https:\/\/catolicanet.net\/wp-cnet\/balanco-2017-do-hospital-bambino-gesu-aumentam-internacoes-e-pesquisas\/","title":{"rendered":"Balan\u00e7o 2017 do Hospital Bambino Ges\u00f9: aumentam interna\u00e7\u00f5es e pesquisas"},"content":{"rendered":"<div class=\"article__subTitle\">Na apresenta\u00e7\u00e3o do balan\u00e7o cl\u00ednico e social de 2017 foram anunciadas tr\u00eas novas sedes que transformar\u00e3o o hospital da Santa S\u00e9.<\/div>\n<div class=\"title__separator\"><\/div>\n<div class=\"article__text\">\n<p><b>Cidade do Vaticano<\/b><\/p>\n<p>Pela primeira vez o <b>Hospital Pedi\u00e1trico da Santa S\u00e9 Bambino Ges\u00f9<\/b> apresentou os resultados de sua atividade sanit\u00e1ria e cient\u00edfica com o balan\u00e7o social, indicando as escolhas e os projetos que nos pr\u00f3ximos anos transforma\u00e7\u00e3o a estrutura.<\/p>\n<p>O presente e o futuro do Bambino Ges\u00f9 foram descritos na apresenta\u00e7\u00e3o do balan\u00e7o 2017, ocorrido na quarta-feira (11\/07), no Audit\u00f3rio de S\u00e3o Paulo fora dos Muros.<\/p>\n<h2><b>A presidente Mariella Enoc fala sobre a miss\u00e3o do Hospital<\/b><\/h2>\n<p>\u201cUm momento importante que nos permite restituir o sentido e o valor do nosso trabalho\u201d. S\u00e3o palavras da presidente do Hospital, <b>Mariella Enoc<\/b> que evidenciou a identidade do Hospital do Papa que em mar\u00e7o de 2019 completar\u00e1 150 anos. Uma estrutura animada pela acolhida das crian\u00e7as e suas fam\u00edlias, da regi\u00e3o do L\u00e1cio, da It\u00e1lia e das na\u00e7\u00f5es de todo o mundo, em particular as que se encontram em dificuldade.<\/p>\n<p>De fato, o hospital \u2013 recordou a presidente \u2013 participa de projetos de coopera\u00e7\u00e3o em 9 pa\u00edses do mundo, e conta com mais de 100 crian\u00e7as internadas que recebem todos os tratamentos necess\u00e1rios, provenientes de \u00e1reas em crise. \u00c9 o hospital dos filhos do mundo \u201cconscientes de que isso comporta o compromisso de importantes recursos\u201d que devem ser encontrados no equil\u00edbrio do balan\u00e7o que o hospital soube alcan\u00e7ar de maneira brilhante.<\/p>\n<h2><b>A atividade na S\u00edria<\/b><\/h2>\n<p>Na ocasi\u00e3o, o professor<b> Ibrahem Al-haded<\/b>, diretor do Hospital Universit\u00e1rio de Alepo, deu o seu testemunho e fez uma sauda\u00e7\u00e3o de agradecimento em nome do Hospital pela assist\u00eancia recebida na S\u00edria.<\/p>\n<h2><b>Os resultados da atividade cl\u00ednica<\/b><\/h2>\n<p>Os resultados da atividade cl\u00ednica foram apresentados pelo diretor cient\u00edfico, prof. <b>Bruno Dalla Piccola<\/b> e pelo diretor cl\u00ednico Dr.\u00a0<b>Massimiliano Raponi<\/b>. Dos resultados, evidencia-se o aumento de pacientes internados, mais de 28 mil, e do atendimento ambulatorial que chegaram a 2 milh\u00f5es. O orgulho maior \u00e9 dado pelos 321 transplantes de \u00f3rg\u00e3os e tecidos realizados em um ano e o tratamento de 13 mil casos de pacientes com doen\u00e7as raras. Aumentou tamb\u00e9m a produ\u00e7\u00e3o cient\u00edfica, que alcan\u00e7ou o n\u00famero de 663 publica\u00e7\u00f5es chegando a 2.700 pontos de Impact Factor, o valor que mede o \u201cpeso\u201d das publica\u00e7\u00f5es cient\u00edficas<\/p>\n<h2><b>Os n\u00fameros da assist\u00eancia<\/b><\/h2>\n<p>Mais de 3.500 fam\u00edlias foram acolhidas em alojamentos, e 2 mil receberam acompanhamento do servi\u00e7o social. As despesas totais do Hospital durante o ano foram de 313 milh\u00f5es de euros em confronto aos 322 milh\u00f5es de euros de rendimento, registrando assim um excedente positivo.<\/p>\n<p>Aumentam tamb\u00e9m os atendimentos no Pronto Socorro. Em 2017 foram registradas 84.036 entradas (+5%) nas duas sedes: Gianicolo e Palidoro, e os transportes de emerg\u00eancia neonatal foram 359 e 89 foram transportados atrav\u00e9s do heliporto do Vaticano (servi\u00e7o apresentado em um v\u00eddeo na ocasi\u00e3o) em colabora\u00e7\u00e3o com o Governatorato da Santa S\u00e9.<\/p>\n<p>Aumentam as cirurgias: em um ano foram feitas 29.778 com um aumento de 10% em rela\u00e7\u00e3o ao ano precedente. \u00c0s quais acrescenta-se as pequenas cirurgias ambulatoriais que duplicaram com rela\u00e7\u00e3o a 5 anos atr\u00e1s.<\/p>\n<h2><b>Excel\u00eancia em pesquisa<\/b><\/h2>\n<p>No Hospital Bambino Ges\u00f9 h\u00e1 mais de 700 pessoas que se dedicam \u00e0 pesquisa: m\u00e9dicos, bi\u00f3logos, farmac\u00eauticos que trabalham tanto na atividade cl\u00ednica quanto na pesquisa cient\u00edfica. O Hospital \u00e9 um dos mais importantes da rede dos Institutos de Interna\u00e7\u00e3o e Tratamento em Car\u00e1ter Cient\u00edfico (IRCCS) e primeiro entre os hospitais pedi\u00e1tricos italianos segundo o n\u00edvel de Impact Factor (IF). O Impact Factor do Bambino Ges\u00f9 aumentou 50% nos \u00faltimos cinco anos. As colabora\u00e7\u00f5es cient\u00edficas foram formalizadas com parcerias nacionais e principalmente internacionais (77%), em particular com a Alemanha, Reino Unido, Pa\u00edses Baixos, Fran\u00e7a e EUA. Foram realizados 431 estudos cl\u00ednicos que envolveram 6.120 pacientes.<\/p>\n<h2><b>O valor social do hospital<\/b><\/h2>\n<p>No \u00e2mbito da presta\u00e7\u00e3o econ\u00f4mica, em 2017 o Hospital produziu 306,7 milh\u00f5es de euros em valores acrescentados. Particularmente em 2017 a distribui\u00e7\u00e3o prevalente foi 50,7% para funcion\u00e1rios, 42,2% para parcerias de servi\u00e7o e 3,5% parcerias de pesquisa. Em 2017 a receita foi de 322,2 milh\u00f5es de euros diante dos 313,4 milh\u00f5es de custos. O EBITDA (indicador de lucros antes de juros, impostos, deprecia\u00e7\u00e3o e amortiza\u00e7\u00e3o) que evidencia a rentabilidade da gest\u00e3o operativa, foi de 8,8 milh\u00f5es de euros.<\/p>\n<h2><b>Os financiamentos<\/b><\/h2>\n<p>Com rela\u00e7\u00e3o \u00e0s fontes de financiamento: 214 milh\u00f5es de euros foram obtidos pelos atendimentos sanit\u00e1rios; 43,5 milh\u00f5es pelas contribui\u00e7\u00f5es anuais por parte do Estado para a espec\u00edfica atividade hospitalar; 20 milh\u00f5es os financiamentos para a pesquisa e 3 milh\u00f5es de euros de doa\u00e7\u00f5es.<\/p>\n<h2><b>Tr\u00eas novas sedes<\/b><\/h2>\n<p>O diretor geral <b>Ruggiero Parrotto<\/b>, falou sobre o bem-estar dos trabalhadores e da necessidade de novos espa\u00e7os para um bom atendimento. Em seguida comunicou que ser\u00e3o feitos alguns investimentos que transformar\u00e3o o Hospital.<\/p>\n<p>Ser\u00e3o constru\u00eddas tr\u00eas novas sedes: um novo pavilh\u00e3o na sede de Palidoro, que poder\u00e1 receber mais de 70 pacientes com suas fam\u00edlias, um Centro Pedi\u00e1trico para Cuidados Paliativos na Via Aur\u00e9lia (o primeiro no sul da It\u00e1lia) e a nova grande sede de Roma na Via di Villa Pamphili. \u201cFinalmente um lugar para estudos, tratamentos, rela\u00e7\u00f5es com as fam\u00edlias, com acomoda\u00e7\u00f5es adequadas e estrutura moderna\u201d.<\/p>\n<h2><b>Sauda\u00e7\u00e3o do Cardeal Parolin<\/b><\/h2>\n<p>\u201cTransmito a todos, a sauda\u00e7\u00e3o do <b>Papa Francisco <\/b>que leva o Hospital Bambino Ges\u00f9 em seu cora\u00e7\u00e3o\u201d. S\u00e3o palavras do cardeal secret\u00e1rio de Estado <b>Pietro Parolin<\/b>. \u201cN\u00e3o faltam ocasi\u00f5es e gestos \u2013 prosseguiu o cardeal referindo-se ao Pont\u00edfice \u2013 da proximidade e apoio do Papa ao Bambino Ges\u00f9 que considera um instrumento v\u00e1lido para o exerc\u00edcio da caridade que\u00a0tanto\u00a0ama\u201d.<\/p>\n<div>\n<div class=\"article__embed article__embed--unwrap article__embed--dark\">\n<div class=\"article__innerTitle\">Ou\u00e7a e compartilhe<\/div>\n<\/div>\n<\/div>\n<\/div>\n<div><\/div>\n<div>\n<!--[if lt IE 9]><script>document.createElement('audio');<\/script><![endif]-->\n<audio class=\"wp-audio-shortcode\" id=\"audio-42197-1\" preload=\"none\" style=\"width: 100%;\" controls=\"controls\"><source type=\"audio\/mpeg\" src=\"https:\/\/media.vaticannews.va\/media\/audio\/s1\/2018\/7\/12\/11\/134529481_F134529481.mp3?_=1\" \/><a href=\"https:\/\/media.vaticannews.va\/media\/audio\/s1\/2018\/7\/12\/11\/134529481_F134529481.mp3\">https:\/\/media.vaticannews.va\/media\/audio\/s1\/2018\/7\/12\/11\/134529481_F134529481.mp3<\/a><\/audio>\n<\/div>\n<div><\/div>\n<div>Fonte: R\u00e1dio Vaticano<\/div>\n","protected":false},"excerpt":{"rendered":"<p>Na apresenta\u00e7\u00e3o do balan\u00e7o cl\u00ednico e social de 2017 foram anunciadas tr\u00eas novas sedes que transformar\u00e3o o hospital da Santa S\u00e9. Cidade do Vaticano Pela primeira vez o Hospital Pedi\u00e1trico da Santa S\u00e9 Bambino Ges\u00f9 apresentou os resultados de sua atividade sanit\u00e1ria e cient\u00edfica com o balan\u00e7o social, indicando as escolhas e os projetos que [&hellip;]<\/p>\n","protected":false},"author":1,"featured_media":42198,"comment_status":"open","ping_status":"closed","sticky":false,"template":"","format":"standard","meta":{"footnotes":""},"categories":[3],"tags":[],"class_list":["post-42197","post","type-post","status-publish","format-standard","has-post-thumbnail","hentry","category-vaticano"],"_links":{"self":[{"href":"https:\/\/catolicanet.net\/wp-cnet\/wp-json\/wp\/v2\/posts\/42197","targetHints":{"allow":["GET"]}}],"collection":[{"href":"https:\/\/catolicanet.net\/wp-cnet\/wp-json\/wp\/v2\/posts"}],"about":[{"href":"https:\/\/catolicanet.net\/wp-cnet\/wp-json\/wp\/v2\/types\/post"}],"author":[{"embeddable":true,"href":"https:\/\/catolicanet.net\/wp-cnet\/wp-json\/wp\/v2\/users\/1"}],"replies":[{"embeddable":true,"href":"https:\/\/catolicanet.net\/wp-cnet\/wp-json\/wp\/v2\/comments?post=42197"}],"version-history":[{"count":1,"href":"https:\/\/catolicanet.net\/wp-cnet\/wp-json\/wp\/v2\/posts\/42197\/revisions"}],"predecessor-version":[{"id":42199,"href":"https:\/\/catolicanet.net\/wp-cnet\/wp-json\/wp\/v2\/posts\/42197\/revisions\/42199"}],"wp:featuredmedia":[{"embeddable":true,"href":"https:\/\/catolicanet.net\/wp-cnet\/wp-json\/wp\/v2\/media\/42198"}],"wp:attachment":[{"href":"https:\/\/catolicanet.net\/wp-cnet\/wp-json\/wp\/v2\/media?parent=42197"}],"wp:term":[{"taxonomy":"category","embeddable":true,"href":"https:\/\/catolicanet.net\/wp-cnet\/wp-json\/wp\/v2\/categories?post=42197"},{"taxonomy":"post_tag","embeddable":true,"href":"https:\/\/catolicanet.net\/wp-cnet\/wp-json\/wp\/v2\/tags?post=42197"}],"curies":[{"name":"wp","href":"https:\/\/api.w.org\/{rel}","templated":true}]}}