{"id":42194,"date":"2018-07-12T14:04:13","date_gmt":"2018-07-12T17:04:13","guid":{"rendered":"http:\/\/catolicanet.net\/wp-cnet\/?p=42194"},"modified":"2018-07-12T14:05:39","modified_gmt":"2018-07-12T17:05:39","slug":"papa-francisco-sauda-participantes-do-v-congresso-missionario-americano","status":"publish","type":"post","link":"https:\/\/catolicanet.net\/wp-cnet\/papa-francisco-sauda-participantes-do-v-congresso-missionario-americano\/","title":{"rendered":"Papa Francisco sa\u00fada participantes do V Congresso Mission\u00e1rio Americano"},"content":{"rendered":"<p>O Papa Francisco enviou um abra\u00e7o \u201ccom esp\u00edrito generoso e benevolente\u201d aos mais de tr\u00eas mil participantes do V Congresso Mission\u00e1rio Americano (V CAM), realizado entre os dias 10 e 14 de julho na cidade de Santa Cruz, na Bol\u00edvia.<\/p>\n<p>No primeiro dia do evento, o Bispo Auxiliar da Arquidiocese de Santa Cruz, Dom Stanislaw Dowlaszewicz, leu a mensagem do Santo Padre levada pelo seu representante na Bol\u00edvia, Cardeal Fernando Filoni.<\/p>\n<p>\u201cVoc\u00ea estar\u00e1 presente no nosso lugar na cidade de Santa Cruz de la Sierra\u201d, disse o Papa ao seu representante, a quem exortou junto com todos os pastores a celebrar uma \u201ca\u00e7\u00e3o de gra\u00e7as fervorosa\u201d pelos dons da f\u00e9 e do <a href=\"https:\/\/www.acidigital.com\/catecismo\/batismo.htm\">batismo<\/a>.<\/p>\n<p>Encorajou a oferecer a <a href=\"https:\/\/www.acidigital.com\/fiestas\/Eucaristia\/index.html\">Eucaristia<\/a> \u201cpara que a nova evangeliza\u00e7\u00e3o possa ser realizada com grande esfor\u00e7o, alegria e confian\u00e7a, de modo que se renove a <a href=\"https:\/\/www.acidigital.com\/vida\/index.html\">vida<\/a> eclesial e seja cada vez mais mission\u00e1ria\u201d.<\/p>\n<p>Em sua mensagem, o Pont\u00edfice concedeu a sua b\u00ean\u00e7\u00e3o ao seu representante e pediu para que ele insista \u201caos <a href=\"https:\/\/www.acidigital.com\/igreja\/bispos.htm\">bispos<\/a> e aos outros respons\u00e1veis \u200b\u200bque no cora\u00e7\u00e3o de Deus h\u00e1 um lugar preferencial para os pobres, por quem ele se fez pobre\u201d.<\/p>\n<p>Do mesmo modo, convidou a seguir \u201ca vontade de Deus, testemunhada pela <a href=\"https:\/\/www.acidigital.com\/igreja\/index.html\">Igreja<\/a>, confirmada pela vida dos santos, especialmente dos mission\u00e1rios, manifestada nos diferentes acontecimentos da hist\u00f3ria dos povos\u201d.<\/p>\n<p>\u201cN\u00f3s rezaremos pelo tua importante miss\u00e3o, enquanto a partir de agora, venerado irm\u00e3o, pedimos que Maria te proteja, Virgem e M\u00e3e de Deus, Padroeira da Am\u00e9rica, e tamb\u00e9m a intercess\u00e3o de todos os Santos desta Igreja\u201d, expressou o Santo Padre.<\/p>\n<p>Finalmente, agradeceu o convite da Confer\u00eancia Episcopal da Bol\u00edvia (CEB) para participar do congresso.<\/p>\n<p>\u201cApesar de n\u00e3o podermos participar pessoalmente deste evento de tanta import\u00e2ncia para toda a Igreja da Am\u00e9rica, abra\u00e7amos com esp\u00edrito generoso e benevolente todos aqueles que participam deste congresso\u201d, conclui a mensagem do Papa Francisco.<\/p>\n<p>O VCAM conta com a participa\u00e7\u00e3o de dois <a href=\"https:\/\/www.acidigital.com\/Cardeais\/index.html\">cardeais<\/a>, 90 bispos, 450 sacerdotes, 1.306 delegados de 24 pa\u00edses da Am\u00e9rica, 110 expositores especializados, 245 volunt\u00e1rios e mission\u00e1rios 1.203 delegados mission\u00e1rios de toda a Bol\u00edvia.<\/p>\n<p>Os temas do congresso s\u00e3o: Evangelho, Alegria, Comunh\u00e3o e Reconcilia\u00e7\u00e3o, Miss\u00e3o e Profecia.<\/p>\n<p>&nbsp;<\/p>\n<p>Fonte: Acidigital<\/p>\n","protected":false},"excerpt":{"rendered":"<p>O Papa Francisco enviou um abra\u00e7o \u201ccom esp\u00edrito generoso e benevolente\u201d aos mais de tr\u00eas mil participantes do V Congresso Mission\u00e1rio Americano (V CAM), realizado entre os dias 10 e 14 de julho na cidade de Santa Cruz, na Bol\u00edvia. No primeiro dia do evento, o Bispo Auxiliar da Arquidiocese de Santa Cruz, Dom Stanislaw [&hellip;]<\/p>\n","protected":false},"author":1,"featured_media":42195,"comment_status":"open","ping_status":"closed","sticky":false,"template":"","format":"standard","meta":{"footnotes":""},"categories":[4],"tags":[],"class_list":["post-42194","post","type-post","status-publish","format-standard","has-post-thumbnail","hentry","category-cotidiano"],"_links":{"self":[{"href":"https:\/\/catolicanet.net\/wp-cnet\/wp-json\/wp\/v2\/posts\/42194","targetHints":{"allow":["GET"]}}],"collection":[{"href":"https:\/\/catolicanet.net\/wp-cnet\/wp-json\/wp\/v2\/posts"}],"about":[{"href":"https:\/\/catolicanet.net\/wp-cnet\/wp-json\/wp\/v2\/types\/post"}],"author":[{"embeddable":true,"href":"https:\/\/catolicanet.net\/wp-cnet\/wp-json\/wp\/v2\/users\/1"}],"replies":[{"embeddable":true,"href":"https:\/\/catolicanet.net\/wp-cnet\/wp-json\/wp\/v2\/comments?post=42194"}],"version-history":[{"count":1,"href":"https:\/\/catolicanet.net\/wp-cnet\/wp-json\/wp\/v2\/posts\/42194\/revisions"}],"predecessor-version":[{"id":42196,"href":"https:\/\/catolicanet.net\/wp-cnet\/wp-json\/wp\/v2\/posts\/42194\/revisions\/42196"}],"wp:featuredmedia":[{"embeddable":true,"href":"https:\/\/catolicanet.net\/wp-cnet\/wp-json\/wp\/v2\/media\/42195"}],"wp:attachment":[{"href":"https:\/\/catolicanet.net\/wp-cnet\/wp-json\/wp\/v2\/media?parent=42194"}],"wp:term":[{"taxonomy":"category","embeddable":true,"href":"https:\/\/catolicanet.net\/wp-cnet\/wp-json\/wp\/v2\/categories?post=42194"},{"taxonomy":"post_tag","embeddable":true,"href":"https:\/\/catolicanet.net\/wp-cnet\/wp-json\/wp\/v2\/tags?post=42194"}],"curies":[{"name":"wp","href":"https:\/\/api.w.org\/{rel}","templated":true}]}}