{"id":42190,"date":"2018-07-12T13:58:31","date_gmt":"2018-07-12T16:58:31","guid":{"rendered":"http:\/\/catolicanet.net\/wp-cnet\/?p=42190"},"modified":"2018-07-12T14:00:10","modified_gmt":"2018-07-12T17:00:10","slug":"o-pesar-do-papa-pelas-vitimas-das-enchentes-no-japao","status":"publish","type":"post","link":"https:\/\/catolicanet.net\/wp-cnet\/o-pesar-do-papa-pelas-vitimas-das-enchentes-no-japao\/","title":{"rendered":"O pesar do Papa pelas v\u00edtimas das enchentes no Jap\u00e3o"},"content":{"rendered":"<div class=\"article__subTitle\">Em telegrama assinado pelo Secret\u00e1rio de Estado, card. Pietro Parolin, o Pont\u00edfice expressa sua solidariedade a todos \u201cos afetados por esta trag\u00e9dia\u201d.<\/div>\n<div class=\"title__separator\"><\/div>\n<div class=\"article__text\">\n<p><b>Cidade do Vaticano<\/b><\/p>\n<p>O Papa Francisco manifestou seu pesar pelas v\u00edtimas das enchentes no Jap\u00e3o. Pelo menos 110 pessoas morreram e 80 est\u00e3o desaparecidas na regi\u00e3o de Hiroshima.<\/p>\n<p>Em telegrama assinado pelo Secret\u00e1rio de Estado, card. Pietro Parolin, o Pont\u00edfice expressa sua solidariedade a todos \u201cos afetados por esta trag\u00e9dia\u201d.<\/p>\n<p>O Santo Padre oferece tamb\u00e9m encorajamento \u00e0s autoridades civis e a todos os envolvidos nos esfor\u00e7os de busca e socorros \u00e0s v\u00edtimas deste desastre.<\/p>\n<h2>Opera\u00e7\u00f5es de resgate<\/h2>\n<p>Cerca de 54 mil profissionais, entre policiais, soldados e bombeiros, est\u00e3o trabalhando nas opera\u00e7\u00f5es de resgaste. As autoridades decretaram a evacua\u00e7\u00e3o de cerca de cinco milh\u00f5es de pessoas na regi\u00e3o sul-ocidental do pa\u00eds.<\/p>\n<p>O premi\u00ea Shinzo Abe anulou sua viagem prevista \u00e0 Fran\u00e7a, B\u00e9lgica, Ar\u00e1bia Saudita e Egito para acompanhar o desenrolar da situa\u00e7\u00e3o.<\/p>\n<p>O \u00faltimo desastre dessas propor\u00e7\u00f5es causou 77 mortos justamente em Hiroshima, em 2014.<\/p>\n<div>\n<div class=\"article__embed article__embed--unwrap article__embed--dark\">\n<div class=\"article__innerTitle\">Ou\u00e7a e compartilhe!<\/div>\n<\/div>\n<\/div>\n<\/div>\n<div>\n<!--[if lt IE 9]><script>document.createElement('audio');<\/script><![endif]-->\n<audio class=\"wp-audio-shortcode\" id=\"audio-42190-1\" preload=\"none\" style=\"width: 100%;\" controls=\"controls\"><source type=\"audio\/mpeg\" src=\"https:\/\/media.vaticannews.va\/media\/audio\/s1\/2018\/7\/9\/16\/134525406_F134525406.mp3?_=1\" \/><a href=\"https:\/\/media.vaticannews.va\/media\/audio\/s1\/2018\/7\/9\/16\/134525406_F134525406.mp3\">https:\/\/media.vaticannews.va\/media\/audio\/s1\/2018\/7\/9\/16\/134525406_F134525406.mp3<\/a><\/audio>\n<p>Fonte: R\u00e1dio Vaticano<\/p>\n<\/div>\n","protected":false},"excerpt":{"rendered":"<p>Em telegrama assinado pelo Secret\u00e1rio de Estado, card. Pietro Parolin, o Pont\u00edfice expressa sua solidariedade a todos \u201cos afetados por esta trag\u00e9dia\u201d. Cidade do Vaticano O Papa Francisco manifestou seu pesar pelas v\u00edtimas das enchentes no Jap\u00e3o. Pelo menos 110 pessoas morreram e 80 est\u00e3o desaparecidas na regi\u00e3o de Hiroshima. Em telegrama assinado pelo Secret\u00e1rio [&hellip;]<\/p>\n","protected":false},"author":1,"featured_media":42192,"comment_status":"open","ping_status":"closed","sticky":false,"template":"","format":"standard","meta":{"footnotes":""},"categories":[3],"tags":[],"class_list":["post-42190","post","type-post","status-publish","format-standard","has-post-thumbnail","hentry","category-vaticano"],"_links":{"self":[{"href":"https:\/\/catolicanet.net\/wp-cnet\/wp-json\/wp\/v2\/posts\/42190","targetHints":{"allow":["GET"]}}],"collection":[{"href":"https:\/\/catolicanet.net\/wp-cnet\/wp-json\/wp\/v2\/posts"}],"about":[{"href":"https:\/\/catolicanet.net\/wp-cnet\/wp-json\/wp\/v2\/types\/post"}],"author":[{"embeddable":true,"href":"https:\/\/catolicanet.net\/wp-cnet\/wp-json\/wp\/v2\/users\/1"}],"replies":[{"embeddable":true,"href":"https:\/\/catolicanet.net\/wp-cnet\/wp-json\/wp\/v2\/comments?post=42190"}],"version-history":[{"count":1,"href":"https:\/\/catolicanet.net\/wp-cnet\/wp-json\/wp\/v2\/posts\/42190\/revisions"}],"predecessor-version":[{"id":42193,"href":"https:\/\/catolicanet.net\/wp-cnet\/wp-json\/wp\/v2\/posts\/42190\/revisions\/42193"}],"wp:featuredmedia":[{"embeddable":true,"href":"https:\/\/catolicanet.net\/wp-cnet\/wp-json\/wp\/v2\/media\/42192"}],"wp:attachment":[{"href":"https:\/\/catolicanet.net\/wp-cnet\/wp-json\/wp\/v2\/media?parent=42190"}],"wp:term":[{"taxonomy":"category","embeddable":true,"href":"https:\/\/catolicanet.net\/wp-cnet\/wp-json\/wp\/v2\/categories?post=42190"},{"taxonomy":"post_tag","embeddable":true,"href":"https:\/\/catolicanet.net\/wp-cnet\/wp-json\/wp\/v2\/tags?post=42190"}],"curies":[{"name":"wp","href":"https:\/\/api.w.org\/{rel}","templated":true}]}}