{"id":42184,"date":"2018-07-12T13:40:13","date_gmt":"2018-07-12T16:40:13","guid":{"rendered":"http:\/\/catolicanet.net\/wp-cnet\/?p=42184"},"modified":"2018-07-12T13:40:13","modified_gmt":"2018-07-12T16:40:13","slug":"exequias-do-cardeal-tauran-sodano-caminho-iluminado-pelas-bem-aventurancas","status":"publish","type":"post","link":"https:\/\/catolicanet.net\/wp-cnet\/exequias-do-cardeal-tauran-sodano-caminho-iluminado-pelas-bem-aventurancas\/","title":{"rendered":"Ex\u00e9quias do cardeal Tauran: Sodano, caminho iluminado pelas Bem-aventuran\u00e7as"},"content":{"rendered":"<div class=\"article__subTitle\">Na homilia das ex\u00e9quias do Cardeal Tauran, o decano do Col\u00e9gio Cardinal\u00edcio, Angelo Sodano disse: \u201cDedicou-se ao di\u00e1logo com todos os homens de boa-vontade, servindo a Igreja apesar do peso de sua doen\u00e7a\u201d. No final da celebra\u00e7\u00e3o o Papa presidiu o rito da Ultima Commendatio e da Valedictio.<\/div>\n<div class=\"title__separator\"><\/div>\n<div class=\"article__text\">\n<p>Nesta quinta-feira, 12 de julho, \u00e0s 10h45, foi realizada no Altar da Bas\u00edlica de S\u00e3o Pedro as ex\u00e9quias do cardeal <b>Jean-Louis Tauran<\/b>, Titular da diaconia de Santo Apolin\u00e1rio nas Termas Neronianas-Alexandrinas. A Liturgia das Ex\u00e9quias foi celebrada pelo cardeal <b>Angelo Sodano<\/b>, Decano do Col\u00e9gio Cardinal\u00edcio, junto com os cardeais, arcebispos e bispos.<\/p>\n<p>Ao recordar o \u201cinesquec\u00edvel\u201d cardeal franc\u00eas Jean-Louis Tauran, o cardeal Angelo Sodano disse \u201cfoi um irm\u00e3o\u201d que serviu \u201ccorajosamente a Santa Igreja de Cristo\u201d, apesar do \u201cpeso da sua doen\u00e7a\u201d. O <b>Papa Francisco<\/b> estava presente. Tamb\u00e9m estava presente a irm\u00e3 do cardeal, Genevi\u00e8ve Dubert, \u00e0 qual o Pont\u00edfice tinah enviado um telegrama de condol\u00eancias alguns dias atr\u00e1s.<\/p>\n<h2><b>Caminho iluminado pelas Bem-aventuran\u00e7as<\/b><\/h2>\n<p>\u201cNo Evangelho, Jesus \u2013 explicou o cardeal Sodano \u2013 nos recordou quais s\u00e3o as verdadeiras bem-aventuran\u00e7as do crist\u00e3o. \u00c9 comovedor ouvir-lhe proclamar estas bem-aventuran\u00e7as na nossa Igreja. Bem-aventurados os pobres de esp\u00edrito. Bem-aventurados os mansos. Bem-aventurados os puros de cora\u00e7\u00e3o, bem-aventurados os que promovem a paz. S\u00e3o bem-aventuran\u00e7as que iluminaram toda a vida do nosso querido irm\u00e3o falecido, como estrelas luminosas no seu caminho\u201d, sublinhou destacando que foi \u201ctestemunha por muitos anos do grande esp\u00edrito apost\u00f3lico do cardeal Tauran.<\/p>\n<h2><b>Do Conc\u00edlio, di\u00e1logo com homens de boa-vontade<\/b><\/h2>\n<p>Cardeal Sodano evidenciou tamb\u00e9m que o cardeal Tauran era \u201cuma grande figura\u201d de sacerdote, bispo e cardeal que \u2013 disse \u2013 \u201cdedicou, como muitos, a sua vida ao servi\u00e7o da Santa S\u00e9, da Igreja e nos \u00faltimos anos particularmente ao di\u00e1logo com todos os homens de boa-vontade\u201d.<\/p>\n<p>Deste modo, seguiu a linha tra\u00e7ada pelo Conc\u00edlio Ecum\u00eanico Vaticano II no compromisso \u2013 segundo a <i>Gaudium et spes<\/i> \u2013 de ser irm\u00e3os e por isso chamados pela mesma voca\u00e7\u00e3o humana e divina\u201d, podemos e devemos cooperar pacificamente, \u201csem viol\u00eancia, nem engano\u201d na edifica\u00e7\u00e3o \u201cdo mundo na verdadeira paz\u201d.<\/p>\n<h2><b>No final o Pont\u00edfice presidiu o rito da Ultima Commendatio e da Valedictio<\/b><\/h2>\n<p>No final o Pont\u00edfice presidiu o rito da <i>Ultima Commendatio<\/i> e da <i>Valedictio<\/i>.<\/p>\n<p>O camerlengo da Santa Igreja Romana e presidente do Pontif\u00edcio Conselho para o Di\u00e1logo Inter-Religioso faleceu em 5 de Julho em Hartford, nos estados Unidos, depois de uma longa doen\u00e7a. Tinha completado 75 anos em abril. Ser\u00e1 sepultado na bas\u00edlica de Santo Apolin\u00e1rio nas Termas neronianas-Alexandrinas, da qual era titular.<\/p>\n<h2>A recorda\u00e7\u00e3o nas palavras do cardeal Santos Abril y Castell\u00f3<\/h2>\n<p>Para recordar o cardeal Tauran, H\u00e9l\u00e8ne Destombes entrevistou o cardeal espanhol Santos Abril y Castell\u00f3, ligado por uma profunda amizade com o cardeal franc\u00eas.<\/p>\n<p>R. \u2013 &#8220;A minha recorda\u00e7\u00e3o do cardeal Tauran \u00e9 verdadeiramente uma recorda\u00e7\u00e3o de amizade e lamenta\u00e7\u00e3o pelo fato de ele ter nos deixado. Ultimamente, eu o via evidentemente enfraquecido. Mas mesmo neste per\u00edodo, ele colocava seu dever em primeiro lugar: o de procurar aproximar as posi\u00e7\u00f5es com o mundo das outras religi\u00f5es, especialmente com o Isl\u00e3. E ele fazia isso com um grande sentido de respeito para com todos, de grande compet\u00eancia e com uma grande capacidade de di\u00e1logo, de propor poss\u00edveis solu\u00e7\u00f5es. Ele fez tudo isso tamb\u00e9m com grande sacrif\u00edcio, porque a sua sa\u00fade era muito fraca nos \u00faltimos tempos: ele percebia que n\u00e3o estava nas condi\u00e7\u00f5es ideais para continuar o magn\u00edfico trabalho que estava fazendo para a Igreja&#8221;.<\/p>\n<div>\n<div class=\"article__embed article__embed--unwrap article__embed--dark\">\n<div class=\"article__innerTitle\">Ou\u00e7a a reportagem<\/div>\n<\/div>\n<\/div>\n<\/div>\n<div>\n<!--[if lt IE 9]><script>document.createElement('audio');<\/script><![endif]-->\n<audio class=\"wp-audio-shortcode\" id=\"audio-42184-1\" preload=\"none\" style=\"width: 100%;\" controls=\"controls\"><source type=\"audio\/mpeg\" src=\"https:\/\/media.vaticannews.va\/media\/audio\/s1\/2018\/7\/12\/16\/134530188_F134530188.mp3?_=1\" \/><a href=\"https:\/\/media.vaticannews.va\/media\/audio\/s1\/2018\/7\/12\/16\/134530188_F134530188.mp3\">https:\/\/media.vaticannews.va\/media\/audio\/s1\/2018\/7\/12\/16\/134530188_F134530188.mp3<\/a><\/audio>\n<\/div>\n<div><\/div>\n<div>Fonte: R\u00e1dio Vaticano<\/div>\n","protected":false},"excerpt":{"rendered":"<p>Na homilia das ex\u00e9quias do Cardeal Tauran, o decano do Col\u00e9gio Cardinal\u00edcio, Angelo Sodano disse: \u201cDedicou-se ao di\u00e1logo com todos os homens de boa-vontade, servindo a Igreja apesar do peso de sua doen\u00e7a\u201d. No final da celebra\u00e7\u00e3o o Papa presidiu o rito da Ultima Commendatio e da Valedictio. Nesta quinta-feira, 12 de julho, \u00e0s 10h45, [&hellip;]<\/p>\n","protected":false},"author":1,"featured_media":42185,"comment_status":"open","ping_status":"closed","sticky":false,"template":"","format":"standard","meta":{"footnotes":""},"categories":[13],"tags":[],"class_list":["post-42184","post","type-post","status-publish","format-standard","has-post-thumbnail","hentry","category-featured"],"_links":{"self":[{"href":"https:\/\/catolicanet.net\/wp-cnet\/wp-json\/wp\/v2\/posts\/42184","targetHints":{"allow":["GET"]}}],"collection":[{"href":"https:\/\/catolicanet.net\/wp-cnet\/wp-json\/wp\/v2\/posts"}],"about":[{"href":"https:\/\/catolicanet.net\/wp-cnet\/wp-json\/wp\/v2\/types\/post"}],"author":[{"embeddable":true,"href":"https:\/\/catolicanet.net\/wp-cnet\/wp-json\/wp\/v2\/users\/1"}],"replies":[{"embeddable":true,"href":"https:\/\/catolicanet.net\/wp-cnet\/wp-json\/wp\/v2\/comments?post=42184"}],"version-history":[{"count":1,"href":"https:\/\/catolicanet.net\/wp-cnet\/wp-json\/wp\/v2\/posts\/42184\/revisions"}],"predecessor-version":[{"id":42186,"href":"https:\/\/catolicanet.net\/wp-cnet\/wp-json\/wp\/v2\/posts\/42184\/revisions\/42186"}],"wp:featuredmedia":[{"embeddable":true,"href":"https:\/\/catolicanet.net\/wp-cnet\/wp-json\/wp\/v2\/media\/42185"}],"wp:attachment":[{"href":"https:\/\/catolicanet.net\/wp-cnet\/wp-json\/wp\/v2\/media?parent=42184"}],"wp:term":[{"taxonomy":"category","embeddable":true,"href":"https:\/\/catolicanet.net\/wp-cnet\/wp-json\/wp\/v2\/categories?post=42184"},{"taxonomy":"post_tag","embeddable":true,"href":"https:\/\/catolicanet.net\/wp-cnet\/wp-json\/wp\/v2\/tags?post=42184"}],"curies":[{"name":"wp","href":"https:\/\/api.w.org\/{rel}","templated":true}]}}