{"id":4217,"date":"2014-02-13T15:41:36","date_gmt":"2014-02-13T17:41:36","guid":{"rendered":"http:\/\/catolicanet.net\/wp-cnet\/educar-requer-amor-preparo-e-coerencia-afirma-francisco-aos-membros-da-congregacao-para-a-educacao-catolica\/"},"modified":"2017-04-05T09:06:56","modified_gmt":"2017-04-05T12:06:56","slug":"educar-requer-amor-preparo-e-coerencia-afirma-francisco-aos-membros-da-congregacao-para-a-educacao-catolica","status":"publish","type":"post","link":"https:\/\/catolicanet.net\/wp-cnet\/educar-requer-amor-preparo-e-coerencia-afirma-francisco-aos-membros-da-congregacao-para-a-educacao-catolica\/","title":{"rendered":"Educar requer amor, preparo e coer\u00eancia, afirma Francisco aos membros da Congrega\u00e7\u00e3o para a Educa\u00e7\u00e3o Cat\u00f3lica"},"content":{"rendered":"<p style=\"text-align: justify;\"><img decoding=\"async\" src=\"http:\/\/catolicanet.com.br\/images\/stories\/criancasestudando.jpg\" border=\"0\" align=\"left\" \/>No final da manh\u00e3 desta quinta-feira, o Papa Francisco recebeu em audi\u00eancia os participantes da Plen\u00e1ria da Congrega\u00e7\u00e3o para a Educa\u00e7\u00e3o Cat\u00f3lica, em andamento no Vaticano.<\/p>\n<p>Como faz habitualmente, o Pont\u00edfice salientou tr\u00eas pontos em seu discurso. O primeiro disse respeito ao valor do di\u00e1logo na educa\u00e7\u00e3o.<\/p>\n<p>Francisco recordou que Jesus iniciou a anunciar a boa nova na \u201cGalileia dos gentios\u201d, encruzilhada de pessoas de diferentes ra\u00e7as, culturas e religi\u00f5es. \u201cDe certa maneira, aquele contexto se assemelha ao mundo de hoje. As mudan\u00e7as profundas que levaram \u00e0 difus\u00e3o de sociedades multiculturais requerem dos que atuam no setor escolar e universit\u00e1rio que empreendam itiner\u00e1rios educativos de confronto e de di\u00e1logo, com uma fidelidade corajosa e inovadora que saiba promover o encontro entre a identidade cat\u00f3lica com as v\u00e1rias \u2018almas\u2019 da sociedade multicultural\u201d, analisou o Papa.<\/p>\n<p>O segundo aspecto ressaltado pelo Pont\u00edfice foi a prepara\u00e7\u00e3o qualificada dos formadores, que deve ser permanente e n\u00e3o se pode improvisar. \u201cEducar \u00e9 um ato de amor, \u00e9 dar a vida\u201d, disse Francisco, recordando que o amor \u00e9 exigente, requer empenho, paix\u00e3o e paci\u00eancia para poder comunicar com os jovens de hoje.<\/p>\n<p>\u201cO educador nas escolas cat\u00f3licas deve ser antes de tudo muito competente, qualificado e, ao mesmo tempo, rico em humanidade. Os jovens necessitam de qualidade de ensino e os valores n\u00e3o devem ser somente enunciados, mas testemunhados. A coer\u00eancia \u00e9 um fator indispens\u00e1vel na educa\u00e7\u00e3o dos jovens. N\u00e3o se pode educar sem coer\u00eancia\u201d, ponderou, sugerindo que os educadores fa\u00e7am retiros e exerc\u00edcios espirituais.<\/p>\n<p>O \u00faltimo aspecto concerne \u00e0s escolas e \u00e0s Universidades cat\u00f3licas e eclesi\u00e1sticas, sobre as quais exortou: \u201c\u00c9 preciso que as institui\u00e7\u00f5es acad\u00eamicas cat\u00f3licas n\u00e3o se isolem do mundo, mas saibam entrar com coragem no are\u00f3pago das culturas atuais e colocar-se em di\u00e1logo, conscientes do dom a oferecer a todos.\u201d<\/p>\n<p>A Plen\u00e1ria da Congrega\u00e7\u00e3o para a Educa\u00e7\u00e3o Cat\u00f3lica se realiza de 12 a 14 de fevereiro, no Vaticano. \u00c0 margem do evento, foi realizada na quarta-feira, na Pontif\u00edcia Universidade Urbaniana, um f\u00f3rum sobre o tema \u201cEducar hoje e amanh\u00e3\u201d, com a participa\u00e7\u00e3o de cardeais e arcebispos membros da Congrega\u00e7\u00e3o<\/p>\n<p><strong>Fonte:<\/strong> R\u00e1dio Vaticano<\/p>\n","protected":false},"excerpt":{"rendered":"<p>No final da manh\u00e3 desta quinta-feira, o Papa Francisco recebeu em audi\u00eancia os participantes da Plen\u00e1ria da Congrega\u00e7\u00e3o para a Educa\u00e7\u00e3o Cat\u00f3lica, em andamento no Vaticano. Como faz habitualmente, o Pont\u00edfice salientou tr\u00eas pontos em seu discurso. O primeiro disse respeito ao valor do di\u00e1logo na educa\u00e7\u00e3o. Francisco recordou que Jesus iniciou a anunciar a [&hellip;]<\/p>\n","protected":false},"author":1,"featured_media":0,"comment_status":"closed","ping_status":"closed","sticky":false,"template":"","format":"standard","meta":{"footnotes":""},"categories":[3],"tags":[],"class_list":["post-4217","post","type-post","status-publish","format-standard","hentry","category-vaticano"],"_links":{"self":[{"href":"https:\/\/catolicanet.net\/wp-cnet\/wp-json\/wp\/v2\/posts\/4217","targetHints":{"allow":["GET"]}}],"collection":[{"href":"https:\/\/catolicanet.net\/wp-cnet\/wp-json\/wp\/v2\/posts"}],"about":[{"href":"https:\/\/catolicanet.net\/wp-cnet\/wp-json\/wp\/v2\/types\/post"}],"author":[{"embeddable":true,"href":"https:\/\/catolicanet.net\/wp-cnet\/wp-json\/wp\/v2\/users\/1"}],"replies":[{"embeddable":true,"href":"https:\/\/catolicanet.net\/wp-cnet\/wp-json\/wp\/v2\/comments?post=4217"}],"version-history":[{"count":1,"href":"https:\/\/catolicanet.net\/wp-cnet\/wp-json\/wp\/v2\/posts\/4217\/revisions"}],"predecessor-version":[{"id":9304,"href":"https:\/\/catolicanet.net\/wp-cnet\/wp-json\/wp\/v2\/posts\/4217\/revisions\/9304"}],"wp:attachment":[{"href":"https:\/\/catolicanet.net\/wp-cnet\/wp-json\/wp\/v2\/media?parent=4217"}],"wp:term":[{"taxonomy":"category","embeddable":true,"href":"https:\/\/catolicanet.net\/wp-cnet\/wp-json\/wp\/v2\/categories?post=4217"},{"taxonomy":"post_tag","embeddable":true,"href":"https:\/\/catolicanet.net\/wp-cnet\/wp-json\/wp\/v2\/tags?post=4217"}],"curies":[{"name":"wp","href":"https:\/\/api.w.org\/{rel}","templated":true}]}}