{"id":4216,"date":"2014-02-13T15:39:57","date_gmt":"2014-02-13T17:39:57","guid":{"rendered":"http:\/\/catolicanet.net\/wp-cnet\/cristaos-e-judeus-compromisso-social-baseado-nas-escrituras\/"},"modified":"2017-04-05T09:07:19","modified_gmt":"2017-04-05T12:07:19","slug":"cristaos-e-judeus-compromisso-social-baseado-nas-escrituras","status":"publish","type":"post","link":"https:\/\/catolicanet.net\/wp-cnet\/cristaos-e-judeus-compromisso-social-baseado-nas-escrituras\/","title":{"rendered":"Crist\u00e3os e judeus, compromisso social baseado nas Escrituras"},"content":{"rendered":"<p style=\"text-align: justify;\">\n<p>O Papa Francisco teve uma agenda cheia na manh\u00e3 desta quinta-feira. Um de seus compromissos foi o encontro com o Comit\u00ea Judaico dos Estados Unidos, um grupo de 55 pessoas. Esta organiza\u00e7\u00e3o mant\u00e9m rela\u00e7\u00f5es com a Santa S\u00e9 h\u00e1 v\u00e1rios anos e j\u00e1 se encontrou com outros Papas no passado. Francisco agradeceu seus membros por ter contribu\u00eddo muito no di\u00e1logo e na fraternidade entre judeus e crist\u00e3os.<\/p>\n<p>Em 2015, ser\u00e3o comemorados 50 anos da Declara\u00e7\u00e3o \u2018Nostra aetate\u2019, do Conc\u00edlio Vaticano II. Este documento \u00e9 ainda hoje uma refer\u00eancia imprescind\u00edvel para o relacionamento entre crist\u00e3os e judeus, e, disse o Papa, \u201cuma fonte de inspira\u00e7\u00e3o para refletir sobre o patrim\u00f4nio espiritual que nos une e que constitui uma base para o di\u00e1logo, ou seja, a nossa rela\u00e7\u00e3o com Deus\u201d.<\/p>\n<p>Al\u00e9m do di\u00e1logo, o Francisco destacou a a\u00e7\u00e3o conjunta de judeus e crist\u00e3os na constru\u00e7\u00e3o de um mundo mais justo e fraterno, servindo os pobres, os marginalizados e os que sofrem. \u201cEste nosso compromisso se funda nas palavras das Escrituras sobre a prote\u00e7\u00e3o do pobre, da vi\u00fava, do \u00f3rf\u00e3o e do estrangeiro (Ex 20,20-22)\u201d, disse o Papa, recordando que \u201ceste \u00e9 um dever que nos foi confiado por Deus: reflete a Sua santa vontade e Sua santa justi\u00e7a, \u00e9 um aut\u00eantico dever religioso\u201d.<\/p>\n<p>A este ponto do discurso, o Papa fez uma ressalva: \u201cPara que isto seja v\u00e1lido, \u00e9 importante que transmitamos \u00e0s novas gera\u00e7\u00f5es o patrim\u00f4nio de conhecimento rec\u00edproco, estima e amizade constru\u00eddo nestes anos\u201d. O Pont\u00edfice disse ainda que seria bom se cristianismo o hebra\u00edsmo fossem temas de estudo respectivamente em semin\u00e1rios e comunidades judaicas, para aumentar o conhecimento m\u00fatuo.<\/p>\n<p>Terminando, lembrou que em maio ir\u00e1 a Jerusal\u00e9m, onde todos n\u00f3s nascemos (Sal 87,5) e todos os povos se unir\u00e3o (Is 25,6-10). Pedindo as ora\u00e7\u00f5es de todos para que esta peregrina\u00e7\u00e3o traga frutos de comunh\u00e3o, Francisco se despediu dizendo \u201cShalom!\u201d.<\/p>\n<p><strong>Fonte:<\/strong> R\u00e1dio Vaticano<\/p>\n","protected":false},"excerpt":{"rendered":"<p>O Papa Francisco teve uma agenda cheia na manh\u00e3 desta quinta-feira. Um de seus compromissos foi o encontro com o Comit\u00ea Judaico dos Estados Unidos, um grupo de 55 pessoas. Esta organiza\u00e7\u00e3o mant\u00e9m rela\u00e7\u00f5es com a Santa S\u00e9 h\u00e1 v\u00e1rios anos e j\u00e1 se encontrou com outros Papas no passado. Francisco agradeceu seus membros por [&hellip;]<\/p>\n","protected":false},"author":1,"featured_media":0,"comment_status":"closed","ping_status":"closed","sticky":false,"template":"","format":"standard","meta":{"footnotes":""},"categories":[4],"tags":[],"class_list":["post-4216","post","type-post","status-publish","format-standard","hentry","category-cotidiano"],"_links":{"self":[{"href":"https:\/\/catolicanet.net\/wp-cnet\/wp-json\/wp\/v2\/posts\/4216","targetHints":{"allow":["GET"]}}],"collection":[{"href":"https:\/\/catolicanet.net\/wp-cnet\/wp-json\/wp\/v2\/posts"}],"about":[{"href":"https:\/\/catolicanet.net\/wp-cnet\/wp-json\/wp\/v2\/types\/post"}],"author":[{"embeddable":true,"href":"https:\/\/catolicanet.net\/wp-cnet\/wp-json\/wp\/v2\/users\/1"}],"replies":[{"embeddable":true,"href":"https:\/\/catolicanet.net\/wp-cnet\/wp-json\/wp\/v2\/comments?post=4216"}],"version-history":[{"count":1,"href":"https:\/\/catolicanet.net\/wp-cnet\/wp-json\/wp\/v2\/posts\/4216\/revisions"}],"predecessor-version":[{"id":9305,"href":"https:\/\/catolicanet.net\/wp-cnet\/wp-json\/wp\/v2\/posts\/4216\/revisions\/9305"}],"wp:attachment":[{"href":"https:\/\/catolicanet.net\/wp-cnet\/wp-json\/wp\/v2\/media?parent=4216"}],"wp:term":[{"taxonomy":"category","embeddable":true,"href":"https:\/\/catolicanet.net\/wp-cnet\/wp-json\/wp\/v2\/categories?post=4216"},{"taxonomy":"post_tag","embeddable":true,"href":"https:\/\/catolicanet.net\/wp-cnet\/wp-json\/wp\/v2\/tags?post=4216"}],"curies":[{"name":"wp","href":"https:\/\/api.w.org\/{rel}","templated":true}]}}