{"id":42149,"date":"2018-07-10T13:05:17","date_gmt":"2018-07-10T16:05:17","guid":{"rendered":"http:\/\/catolicanet.net\/wp-cnet\/?p=42149"},"modified":"2018-07-11T14:07:19","modified_gmt":"2018-07-11T17:07:19","slug":"exequias-do-cardeal-tauran-na-quinta-feira-na-basilica-vaticana","status":"publish","type":"post","link":"https:\/\/catolicanet.net\/wp-cnet\/exequias-do-cardeal-tauran-na-quinta-feira-na-basilica-vaticana\/","title":{"rendered":"Ex\u00e9quias do cardeal Tauran na quinta-feira, na Bas\u00edlica vaticana"},"content":{"rendered":"<div class=\"article__subTitle\">O Cardeal Jean-Louis Tauran, presidente do Pontif\u00edcio Conselho para o Di\u00e1logo inter-religioso e Camerlengo da Santa Igreja Romana, faleceu aos 75 anos na tarde de quinta-feira, 5 de julho. Ele sofria de Parkinson e tratava a doen\u00e7a em Connecticut, EUA.<\/div>\n<div class=\"title__separator\"><\/div>\n<div class=\"article__text\">\n<p><b>Cidade do Vaticano<\/b><\/p>\n<p>Na pr\u00f3xima quinta-feira, 12 de julho, \u00e0s 10h45, ter\u00e3o lugar no Altar da Bas\u00edlica de S\u00e3o Pedro as ex\u00e9quias do cardeal Jean-Louis Tauran, Titular da diaconia de Santo Apolin\u00e1rio nas Termas Neronianas-Alexandrinas.<\/p>\n<div>\n<aside class=\"article__readmore\">\n<div class=\"teaser--labelEvidence teaser\">\n<article>\n<div class=\"teaser__labelWrapper\"><\/div>\n<\/article>\n<\/div>\n<\/aside>\n<\/div>\n<p>A Liturgia De Ex\u00e9quias ser\u00e1 celebrada pelo cardeal Angelo Sodano, Decano do Col\u00e9gio Cardinal\u00edcio, junto com os cardeais, arcebispos e bispos.<\/p>\n<p>Ao final da celebra\u00e7\u00e3o, o Papa Francisco presidir\u00e1 o rito da<i> Ultima Commendatio<\/i> e da <i>Valedictio<\/i>.<\/p>\n<p>\u201cPor causa de seu esp\u00edrito de servi\u00e7o e seu amor pela Igreja eu o nomeei Camerlengo da Santa Igreja Romana. Mantenho uma lembran\u00e7a comovente deste homem de profunda f\u00e9 que corajosamente serviu a Igreja de Cristo at\u00e9 o fim, n\u00e3o obstante o peso da doen\u00e7a. Que o Senhor acolha o seu servo na paz e na alegria que nunca terminam\u201d, havia escrito o Santo Padre no telegrama de pesar enviado \u00e0 irm\u00e3 do cardeal Tauran,\u00a0senhora Genevi\u00e8ve Dubert.<\/p>\n<p>&nbsp;<\/p>\n<\/div>\n<p>Fonte: R\u00e1dio Vaticano<\/p>\n","protected":false},"excerpt":{"rendered":"<p>O Cardeal Jean-Louis Tauran, presidente do Pontif\u00edcio Conselho para o Di\u00e1logo inter-religioso e Camerlengo da Santa Igreja Romana, faleceu aos 75 anos na tarde de quinta-feira, 5 de julho. Ele sofria de Parkinson e tratava a doen\u00e7a em Connecticut, EUA. Cidade do Vaticano Na pr\u00f3xima quinta-feira, 12 de julho, \u00e0s 10h45, ter\u00e3o lugar no Altar [&hellip;]<\/p>\n","protected":false},"author":1,"featured_media":42151,"comment_status":"open","ping_status":"closed","sticky":false,"template":"","format":"standard","meta":{"footnotes":""},"categories":[13],"tags":[],"class_list":["post-42149","post","type-post","status-publish","format-standard","has-post-thumbnail","hentry","category-featured"],"_links":{"self":[{"href":"https:\/\/catolicanet.net\/wp-cnet\/wp-json\/wp\/v2\/posts\/42149","targetHints":{"allow":["GET"]}}],"collection":[{"href":"https:\/\/catolicanet.net\/wp-cnet\/wp-json\/wp\/v2\/posts"}],"about":[{"href":"https:\/\/catolicanet.net\/wp-cnet\/wp-json\/wp\/v2\/types\/post"}],"author":[{"embeddable":true,"href":"https:\/\/catolicanet.net\/wp-cnet\/wp-json\/wp\/v2\/users\/1"}],"replies":[{"embeddable":true,"href":"https:\/\/catolicanet.net\/wp-cnet\/wp-json\/wp\/v2\/comments?post=42149"}],"version-history":[{"count":3,"href":"https:\/\/catolicanet.net\/wp-cnet\/wp-json\/wp\/v2\/posts\/42149\/revisions"}],"predecessor-version":[{"id":42163,"href":"https:\/\/catolicanet.net\/wp-cnet\/wp-json\/wp\/v2\/posts\/42149\/revisions\/42163"}],"wp:featuredmedia":[{"embeddable":true,"href":"https:\/\/catolicanet.net\/wp-cnet\/wp-json\/wp\/v2\/media\/42151"}],"wp:attachment":[{"href":"https:\/\/catolicanet.net\/wp-cnet\/wp-json\/wp\/v2\/media?parent=42149"}],"wp:term":[{"taxonomy":"category","embeddable":true,"href":"https:\/\/catolicanet.net\/wp-cnet\/wp-json\/wp\/v2\/categories?post=42149"},{"taxonomy":"post_tag","embeddable":true,"href":"https:\/\/catolicanet.net\/wp-cnet\/wp-json\/wp\/v2\/tags?post=42149"}],"curies":[{"name":"wp","href":"https:\/\/api.w.org\/{rel}","templated":true}]}}