{"id":42143,"date":"2018-07-11T10:08:25","date_gmt":"2018-07-11T13:08:25","guid":{"rendered":"http:\/\/catolicanet.net\/wp-cnet\/?p=42143"},"modified":"2018-07-11T10:08:25","modified_gmt":"2018-07-11T13:08:25","slug":"papa-francisco-nomeia-bispos-auxiliares-para-fortaleza-ce","status":"publish","type":"post","link":"https:\/\/catolicanet.net\/wp-cnet\/papa-francisco-nomeia-bispos-auxiliares-para-fortaleza-ce\/","title":{"rendered":"Papa Francisco nomeia bispos auxiliares para Fortaleza (CE)"},"content":{"rendered":"<p>Acolhendo a solicita\u00e7\u00e3o do arcebispo de Fortaleza, dom Jos\u00e9 Antonio Aparecido Tosi Marques, de poder contar com a colabora\u00e7\u00e3o de dois bispos auxiliares, o papa Francisco nomeou na manh\u00e3 desta quarta-feira, 11, como bispo titular de \u201cCastabala\u201d e auxiliar de Fortaleza, o padre Valdemir Vicente Andrade dos Santos, atualmente vig\u00e1rio geral e p\u00e1roco da Par\u00f3quia Nossa Senhora de Lourdes, em Aracaju (SE). Na sequ\u00eancia, nomeou o padre Julio C\u00e9sar Souza de Jesus, como bispo titular de \u201cArba\u201d e auxiliar de Fortaleza, atualmente p\u00e1roco da Par\u00f3quia Menino Jesus de Praga, em Teresina (PI). A not\u00edcia foi publicada no Jornal \u201cL\u2019Osservatore Romano\u201d, \u00e0s 12 horas de Roma.<\/p>\n<p><strong>Padre Valdemir (na foto \u00e0 esquerda)<\/strong><\/p>\n<p>Nascido em Aracaju (SE), padre Valdemir tem 45 anos. Cursou Filosofia no Semin\u00e1rio Nossa Senhora da Concei\u00e7\u00e3o, em Sergipe e em Roma estudou Teologia. Tamb\u00e9m fez especializa\u00e7\u00e3o em Eclesiologia, em Roma. Foi ordenado sacerdote em agosto de 2001. Al\u00e9m de p\u00e1roco em v\u00e1rias localidades do Estado de Sergipe, atuou como reitor do Semin\u00e1rio Sagrado Cora\u00e7\u00e3o de Jesus no Bairro Industrial; diretor espiritual no Semin\u00e1rio Maior Nossa Senhora da Concei\u00e7\u00e3o; chanceler da C\u00faria de Aracaju; not\u00e1rio nos processos das mat\u00e9rias reservadas \u00e0 Santa S\u00e9; membro do conselho presbiteral e Col\u00e9gio de Consultores, entre outras fun\u00e7\u00f5es.<\/p>\n<p><strong>Padre Julio C\u00e9sar Souza de Jesus (na foto \u00e0 direita)<\/strong><\/p>\n<p>Com 47 anos, padre Julio C\u00e9sar \u00e9 natural de Goi\u00e2nia (GO). \u00c9 bacharel em Filosofia pela Universidade Estadual Vale do Acara\u00fa e cursou Filosofia e Teologia no Semin\u00e1rio Maior Sagrado Cora\u00e7\u00e3o de Jesus. Possui mestrado em Teologia Dogm\u00e1tica pela Pontif\u00edcia Universidade Gregoriana. Em sua atua\u00e7\u00e3o pastoral j\u00e1 atuou como vig\u00e1rio paroquial em diferentes par\u00f3quias de Teresina (PI). Foi administrador paroquial da Par\u00f3quia Nossa Senhora da Vit\u00f3ria, em Teresina. Tamb\u00e9m exerceu os of\u00edcios de vice-reitor do Semin\u00e1rio de Filosofia Dom Edilberto Dinkelbor, em Teresina e professor de Filosofia e Direito Can\u00f4nico, na Universidade Federal do Piau\u00ed (UFPI). Ademais j\u00e1 lecionou Teologia Dogm\u00e1tica e Hist\u00f3ria da Igreja, no Icespi, em Teresina. Por \u00faltimo, exerceu as fun\u00e7\u00f5es de Diretor Espiritual da Escola Diaconal S\u00e3o Francisco de Assis, em Teresina e Diretor Espiritual da Ordem do Carmelo, em Teresina, entre outras fun\u00e7\u00f5es.<\/p>\n<p>&nbsp;<\/p>\n<p>Fonte: CNBB<\/p>\n","protected":false},"excerpt":{"rendered":"<p>Acolhendo a solicita\u00e7\u00e3o do arcebispo de Fortaleza, dom Jos\u00e9 Antonio Aparecido Tosi Marques, de poder contar com a colabora\u00e7\u00e3o de dois bispos auxiliares, o papa Francisco nomeou na manh\u00e3 desta quarta-feira, 11, como bispo titular de \u201cCastabala\u201d e auxiliar de Fortaleza, o padre Valdemir Vicente Andrade dos Santos, atualmente vig\u00e1rio geral e p\u00e1roco da Par\u00f3quia [&hellip;]<\/p>\n","protected":false},"author":1,"featured_media":42144,"comment_status":"open","ping_status":"closed","sticky":false,"template":"","format":"standard","meta":{"footnotes":""},"categories":[13],"tags":[],"class_list":["post-42143","post","type-post","status-publish","format-standard","has-post-thumbnail","hentry","category-featured"],"_links":{"self":[{"href":"https:\/\/catolicanet.net\/wp-cnet\/wp-json\/wp\/v2\/posts\/42143","targetHints":{"allow":["GET"]}}],"collection":[{"href":"https:\/\/catolicanet.net\/wp-cnet\/wp-json\/wp\/v2\/posts"}],"about":[{"href":"https:\/\/catolicanet.net\/wp-cnet\/wp-json\/wp\/v2\/types\/post"}],"author":[{"embeddable":true,"href":"https:\/\/catolicanet.net\/wp-cnet\/wp-json\/wp\/v2\/users\/1"}],"replies":[{"embeddable":true,"href":"https:\/\/catolicanet.net\/wp-cnet\/wp-json\/wp\/v2\/comments?post=42143"}],"version-history":[{"count":1,"href":"https:\/\/catolicanet.net\/wp-cnet\/wp-json\/wp\/v2\/posts\/42143\/revisions"}],"predecessor-version":[{"id":42145,"href":"https:\/\/catolicanet.net\/wp-cnet\/wp-json\/wp\/v2\/posts\/42143\/revisions\/42145"}],"wp:featuredmedia":[{"embeddable":true,"href":"https:\/\/catolicanet.net\/wp-cnet\/wp-json\/wp\/v2\/media\/42144"}],"wp:attachment":[{"href":"https:\/\/catolicanet.net\/wp-cnet\/wp-json\/wp\/v2\/media?parent=42143"}],"wp:term":[{"taxonomy":"category","embeddable":true,"href":"https:\/\/catolicanet.net\/wp-cnet\/wp-json\/wp\/v2\/categories?post=42143"},{"taxonomy":"post_tag","embeddable":true,"href":"https:\/\/catolicanet.net\/wp-cnet\/wp-json\/wp\/v2\/tags?post=42143"}],"curies":[{"name":"wp","href":"https:\/\/api.w.org\/{rel}","templated":true}]}}