{"id":4214,"date":"2014-02-13T15:25:45","date_gmt":"2014-02-13T17:25:45","guid":{"rendered":"http:\/\/catolicanet.net\/wp-cnet\/pensamento-do-dia-23\/"},"modified":"2017-04-05T09:08:15","modified_gmt":"2017-04-05T12:08:15","slug":"pensamento-do-dia-23","status":"publish","type":"post","link":"https:\/\/catolicanet.net\/wp-cnet\/pensamento-do-dia-23\/","title":{"rendered":"Pensamento do dia"},"content":{"rendered":"<p style=\"text-align: center;\"><img decoding=\"async\" src=\"http:\/\/catolicanet.com.br\/images\/stories\/charlie chaplin.jpg\" border=\"0\" \/><\/p>\n<p>\u201cLute com determina\u00e7\u00e3o, <br \/>abrace a vida com paix\u00e3o, <br \/>perca com classe e ven\u00e7a com ousadia, <br \/>porque o mundo pertence a quem se atreve<br \/>e a vida \u00e9 muito bela para ser insignificante.\u201d <\/p>\n<p><strong>(Charlie Chaplin)<\/strong><\/p>\n<p style=\"text-align: center;\">\u00a0<\/p>\n<p style=\"text-align: justify;\"><strong>Fonte:<\/strong> Assessoria de Imprensa<br \/><strong>Local:<\/strong> S\u00e3o Paulo<\/p>\n<p style=\"text-align: justify;\">\u00a0<\/p>\n","protected":false},"excerpt":{"rendered":"<p>\u201cLute com determina\u00e7\u00e3o, abrace a vida com paix\u00e3o, perca com classe e ven\u00e7a com ousadia, porque o mundo pertence a quem se atrevee a vida \u00e9 muito bela para ser insignificante.\u201d (Charlie Chaplin) \u00a0 Fonte: Assessoria de ImprensaLocal: S\u00e3o Paulo \u00a0<\/p>\n","protected":false},"author":1,"featured_media":0,"comment_status":"closed","ping_status":"closed","sticky":false,"template":"","format":"standard","meta":{"footnotes":""},"categories":[4],"tags":[],"class_list":["post-4214","post","type-post","status-publish","format-standard","hentry","category-cotidiano"],"_links":{"self":[{"href":"https:\/\/catolicanet.net\/wp-cnet\/wp-json\/wp\/v2\/posts\/4214","targetHints":{"allow":["GET"]}}],"collection":[{"href":"https:\/\/catolicanet.net\/wp-cnet\/wp-json\/wp\/v2\/posts"}],"about":[{"href":"https:\/\/catolicanet.net\/wp-cnet\/wp-json\/wp\/v2\/types\/post"}],"author":[{"embeddable":true,"href":"https:\/\/catolicanet.net\/wp-cnet\/wp-json\/wp\/v2\/users\/1"}],"replies":[{"embeddable":true,"href":"https:\/\/catolicanet.net\/wp-cnet\/wp-json\/wp\/v2\/comments?post=4214"}],"version-history":[{"count":1,"href":"https:\/\/catolicanet.net\/wp-cnet\/wp-json\/wp\/v2\/posts\/4214\/revisions"}],"predecessor-version":[{"id":9307,"href":"https:\/\/catolicanet.net\/wp-cnet\/wp-json\/wp\/v2\/posts\/4214\/revisions\/9307"}],"wp:attachment":[{"href":"https:\/\/catolicanet.net\/wp-cnet\/wp-json\/wp\/v2\/media?parent=4214"}],"wp:term":[{"taxonomy":"category","embeddable":true,"href":"https:\/\/catolicanet.net\/wp-cnet\/wp-json\/wp\/v2\/categories?post=4214"},{"taxonomy":"post_tag","embeddable":true,"href":"https:\/\/catolicanet.net\/wp-cnet\/wp-json\/wp\/v2\/tags?post=4214"}],"curies":[{"name":"wp","href":"https:\/\/api.w.org\/{rel}","templated":true}]}}