{"id":42137,"date":"2018-07-11T09:54:43","date_gmt":"2018-07-11T12:54:43","guid":{"rendered":"http:\/\/catolicanet.net\/wp-cnet\/?p=42137"},"modified":"2018-07-11T09:54:43","modified_gmt":"2018-07-11T12:54:43","slug":"hospital-mzeina-parceria-com-a-igreja-tem-salvo-vidas-na-siria","status":"publish","type":"post","link":"https:\/\/catolicanet.net\/wp-cnet\/hospital-mzeina-parceria-com-a-igreja-tem-salvo-vidas-na-siria\/","title":{"rendered":"Hospital Mzeina: parceria com a Igreja tem salvo vidas na S\u00edria"},"content":{"rendered":"<div class=\"post-content\">\n<p>O Hospital Mzeina est\u00e1 situado na pequena cidade do mesmo nome. Mzeina \u00e9 uma das v\u00e1rias cidades que comp\u00f5em o Vale dos Crist\u00e3os (Wadi Al-Nasara em \u00e1rabe). Al\u00e9m disso, est\u00e1 localizada em uma regi\u00e3o rural da S\u00edria; perto da fronteira com o L\u00edbano e entre a cidade de Homs e da costa do Mediterr\u00e2neo. \u201cO hospital est\u00e1 aberto h\u00e1 quatro anos e, nos \u00faltimos dois anos, o n\u00famero de interna\u00e7\u00f5es, opera\u00e7\u00f5es e tratamentos b\u00e1sicos vem crescendo constantemente\u201d, assegura o diretor do hospital, Dr. Sam Abboud.<\/p>\n<h2 data-fontsize=\"30\" data-lineheight=\"39\">Atendimento para os que sofrem com a guerra<\/h2>\n<p>A guerra que continua a dilacerar este pa\u00eds parece distante desta regi\u00e3o, mas os m\u00e9dicos do hospital asseguram que a situa\u00e7\u00e3o ainda \u00e9 t\u00e3o ruim quanto, ou pior do que antes. \u201cAs pessoas v\u00eam at\u00e9 n\u00f3s pedindo ajuda e nos dizem que em outros hospitais eles n\u00e3o conseguiam receber tratamento porque n\u00e3o tinham dinheiro suficiente. Entretanto, n\u00f3s n\u00e3o lhes dizemos simplesmente para irem embora; n\u00f3s tentamos ajud\u00e1-las de todas as maneiras poss\u00edveis\u201d, diz Toni Tannous, chefe da equipe de fisioterapia.<\/p>\n<p><strong>Os pr\u00f3prios m\u00e9dicos e os outros funcion\u00e1rios do hospital j\u00e1 tiveram experi\u00eancias pessoais em consequ\u00eancia da guerra.<\/strong> \u201cEu mesmo tive que fugir de Homs por causa da guerra\u201d, continua Toni, \u201ce agora estou trabalhando aqui. Assim, todos n\u00f3s sentimos ter responsabilidade de, uma forma ou de outra, ajudar da melhor maneira que pudermos\u201d. Ali s\u00e3o tratadas milhares de pessoas todos os meses e h\u00e1 quase 500 pacientes internados. O Hospital Mzeina trabalha em colabora\u00e7\u00e3o com o <em>Saint Peter\u2019s Aid Center<\/em> (Centro de Ajuda de S\u00e3o Pedro) administrado pela Igreja Cat\u00f3lica Melquita na cidade vizinha de Marmarita.<\/p>\n<h2 data-fontsize=\"30\" data-lineheight=\"39\">Uma parceria<\/h2>\n<p>\u201cDo centro de sa\u00fade administrado pela Igreja Melquita em Marmarita, atendemos a mais de cem casos m\u00e9dicos urgentes por m\u00eas; tamb\u00e9m pagamos medicamentos em outros casos. Al\u00e9m disso, levamos as fam\u00edlias para o hospital e temos um acordo de trabalho com o Hospital Mzeina para trat\u00e1-los l\u00e1\u201d, explica El\u00edas Jahloum, volunt\u00e1rio e coordenador do\u00a0<em>Saint Peter\u2019s Center<\/em>. \u201cNo Vale dos Crist\u00e3os n\u00e3o h\u00e1 hospitais p\u00fablicos; desse modo, os mais pr\u00f3ximos est\u00e3o em Homs ou Tartus, a uma hora ou mais de carro, em raz\u00e3o dos controles de seguran\u00e7a do Ex\u00e9rcito. <strong>\u00c9 por isso que o servi\u00e7o de sa\u00fade oferecido pela Igreja nesta regi\u00e3o \u00e9 muito importante para os refugiados da guerra; j\u00e1 que t\u00eam poucos recursos financeiros<\/strong>\u201d.<\/p>\n<h2 data-fontsize=\"30\" data-lineheight=\"39\">Os pacientes agradecem<\/h2>\n<p>El\u00edas acompanhou uma delega\u00e7\u00e3o da ACN, que visitou alguns dos pacientes internados no Hospital Mzeina. O tratamento deles \u00e9 pago pelo\u00a0<em>Saint Peter\u2019s Center<\/em> com o apoio financeiro da ACN. \u201cObrigado por vir nos ver, El\u00edas, e obrigado tamb\u00e9m aos seus benfeitores\u201d, disse Najwa Arabi, uma m\u00e3e que acabara de passar por uma cirurgia no est\u00f4mago.<\/p>\n<blockquote><p>\u201cSabemos que existem pessoas em muitos pa\u00edses ao redor do mundo que nos ajudam. Todos os dias rezamos por eles e damos gra\u00e7as a Deus por esta ajuda\u201d, disse Najwa.<\/p><\/blockquote>\n<p>Na pr\u00f3xima ala est\u00e1 Maryam Hourani, a m\u00e3e de Janadios, um garotinho com pouco mais de um ano de idade que est\u00e1 se recuperando de bronquite. \u201cEle estava muito doente, de modo que mal conseguia respirar quando o levamos para o hospital\u201d, explica ela. \u201cEntramos em contato com El\u00edas e ele garantiu que o <em>Saint Peter\u2019s Center<\/em> pagaria suas despesas. S\u00f3 posso dizer muito obrigado\u201d. N\u00e3o s\u00f3 Maryam, mas tamb\u00e9m a jovem Shasha Khoury est\u00e1 agradecida; ela se recupera de uma cirurgia devido a um tumor nos seios. \u201cEstou gr\u00e1vida de cinco meses\u201d, diz ela. \u201c\u00c9 um menino e ele vai se chamar Fayez, porque significa \u2018vencedor&#8217;\u201d, ela sorri.<\/p>\n<h2 data-fontsize=\"30\" data-lineheight=\"39\">A escassez de recursos<\/h2>\n<p>O Dr. Abboud, que \u00e9 especialista em ouvido, nariz e garganta, nos conta que algumas das opera\u00e7\u00f5es que eles realizam s\u00e3o gratuitas. Al\u00e9m disso, ele explicou que h\u00e1 um programa especial para crian\u00e7as e jovens com problemas de audi\u00e7\u00e3o;\u00a0<strong>\u201cmuitos desses casos s\u00e3o causados \u200b\u200bpelas bombas e por outras explos\u00f5es durante a guerra\u201d,<\/strong>\u00a0afirmou ele. O m\u00e9dico acrescentou dizendo que as maiores dificuldades que enfrentam s\u00e3o: a falta de infraestrutura; a necessidade de obter novos equipamentos m\u00e9dicos a fim de poderem trabalhar melhor; e os constantes cortes de energia; \u201capesar de neste \u00faltimo ano termos conseguido obter medicamentos que at\u00e9 recentemente era imposs\u00edvel de se encontrar na S\u00edria\u201d, ele admite.<\/p>\n<h2 data-fontsize=\"30\" data-lineheight=\"39\">Ajuda que tem feito a diferen\u00e7a<\/h2>\n<p>Ao sairmos do hospital, El\u00edas e Toni se despedem com um grande abra\u00e7o; os dois homens parecem ser irm\u00e3os. \u201cSempre que um caso dif\u00edcil surge no hospital, com um paciente que tem muito pouco dinheiro, tentamos ajudar dando um desconto e estendendo o per\u00edodo de pagamento. Assim, quando esses casos acontecem, chamamos o Centro de Ajuda S\u00e3o Pedro. Sabemos, portanto, que El\u00edas ou o Padre Walid, o p\u00e1roco da Igreja de S\u00e3o Pedro, sempre responder\u00e3o aos nossos pedidos\u201d, nos diz Toni. <strong>A presen\u00e7a da Igreja e do seu trabalho em favor dos deslocados e refugiados pela guerra e pelos pobres locais est\u00e1, de fato, salvando muitas vidas.<\/strong><\/p>\n<p>A ACN fornece apoio financeiro ao Centro de Ajuda S\u00e3o Pedro em Marmarita mensalmente. Assim, uma grande parte da quantia cobre os medicamentos essenciais e os cuidados m\u00e9dicos de mais de 4.000 pessoas. <strong>\u201cContinuamos precisando da sua ajuda.<\/strong> Voc\u00eas s\u00e3o de fato a esperan\u00e7a de todas essas pessoas e um exemplo maravilhoso para a nossa sociedade\u201d, diz o Dr. Abboud, ao nos despedir.<\/p>\n<p>&nbsp;<\/p>\n<\/div>\n<p>Fonte: ACN<\/p>\n","protected":false},"excerpt":{"rendered":"<p>O Hospital Mzeina est\u00e1 situado na pequena cidade do mesmo nome. Mzeina \u00e9 uma das v\u00e1rias cidades que comp\u00f5em o Vale dos Crist\u00e3os (Wadi Al-Nasara em \u00e1rabe). Al\u00e9m disso, est\u00e1 localizada em uma regi\u00e3o rural da S\u00edria; perto da fronteira com o L\u00edbano e entre a cidade de Homs e da costa do Mediterr\u00e2neo. \u201cO [&hellip;]<\/p>\n","protected":false},"author":1,"featured_media":42138,"comment_status":"open","ping_status":"closed","sticky":false,"template":"","format":"standard","meta":{"footnotes":""},"categories":[4],"tags":[],"class_list":["post-42137","post","type-post","status-publish","format-standard","has-post-thumbnail","hentry","category-cotidiano"],"_links":{"self":[{"href":"https:\/\/catolicanet.net\/wp-cnet\/wp-json\/wp\/v2\/posts\/42137","targetHints":{"allow":["GET"]}}],"collection":[{"href":"https:\/\/catolicanet.net\/wp-cnet\/wp-json\/wp\/v2\/posts"}],"about":[{"href":"https:\/\/catolicanet.net\/wp-cnet\/wp-json\/wp\/v2\/types\/post"}],"author":[{"embeddable":true,"href":"https:\/\/catolicanet.net\/wp-cnet\/wp-json\/wp\/v2\/users\/1"}],"replies":[{"embeddable":true,"href":"https:\/\/catolicanet.net\/wp-cnet\/wp-json\/wp\/v2\/comments?post=42137"}],"version-history":[{"count":1,"href":"https:\/\/catolicanet.net\/wp-cnet\/wp-json\/wp\/v2\/posts\/42137\/revisions"}],"predecessor-version":[{"id":42139,"href":"https:\/\/catolicanet.net\/wp-cnet\/wp-json\/wp\/v2\/posts\/42137\/revisions\/42139"}],"wp:featuredmedia":[{"embeddable":true,"href":"https:\/\/catolicanet.net\/wp-cnet\/wp-json\/wp\/v2\/media\/42138"}],"wp:attachment":[{"href":"https:\/\/catolicanet.net\/wp-cnet\/wp-json\/wp\/v2\/media?parent=42137"}],"wp:term":[{"taxonomy":"category","embeddable":true,"href":"https:\/\/catolicanet.net\/wp-cnet\/wp-json\/wp\/v2\/categories?post=42137"},{"taxonomy":"post_tag","embeddable":true,"href":"https:\/\/catolicanet.net\/wp-cnet\/wp-json\/wp\/v2\/tags?post=42137"}],"curies":[{"name":"wp","href":"https:\/\/api.w.org\/{rel}","templated":true}]}}