{"id":42133,"date":"2018-07-11T09:42:00","date_gmt":"2018-07-11T12:42:00","guid":{"rendered":"http:\/\/catolicanet.net\/wp-cnet\/?p=42133"},"modified":"2018-07-11T09:42:00","modified_gmt":"2018-07-11T12:42:00","slug":"12-milhoes-de-vitimas-da-guerra-por-recursos-naturais","status":"publish","type":"post","link":"https:\/\/catolicanet.net\/wp-cnet\/12-milhoes-de-vitimas-da-guerra-por-recursos-naturais\/","title":{"rendered":"12 milh\u00f5es de v\u00edtimas da guerra por recursos naturais"},"content":{"rendered":"<div class=\"post-content\">\n<h2 data-fontsize=\"30\" data-lineheight=\"39\">Padre Apollinaire Cibaka Cikongo: \u201cO seu pa\u00eds pode ser o inferno, mas ainda \u00e9 o seu pa\u00eds. N\u00e3o \u00e9 f\u00e1cil ser um padre na Rep\u00fablica democr\u00e1tica do Congo. Nossa for\u00e7a vem de Deus e da f\u00e9\u201d.<\/h2>\n<p>Uma na\u00e7\u00e3o constitu\u00edda por\u00a0v\u00edtimas da guerra por recursos naturais, exausta, devastada\u00a0e destru\u00edda.\u00a0<a href=\"https:\/\/www.acn.org.br\/images\/stories\/RLRM2016\/pDFs\/RLRM-2016-RepublicaDemocraticaCongo.pdf\" target=\"_blank\" rel=\"noopener\">Rep\u00fablica Democr\u00e1tica do Congo<\/a>\u00a0(RDC) \u00e9 um pa\u00eds enorme, por onde passam v\u00e1rios pa\u00edses para ter acesso a dep\u00f3sitos de min\u00e9rio da forma mais barata poss\u00edvel. \u00c9 assim que eles justificam as guerras\u201d. Nestes termos expl\u00edcitos, o Padre Apollinaire Cibaka Cikongo descreve a situa\u00e7\u00e3o no segundo maior pa\u00eds da \u00c1frica, numa entrevista \u00e0 Funda\u00e7\u00e3o Pontif\u00edcia ACN.<\/p>\n<p>H\u00e1 muitas raz\u00f5es pelas quais o antigo Congo Belga n\u00e3o consegue se recuperar: conflitos \u00e9tnicos, a pobreza generalizada, guerras sem fim, uma incessante onda de refugiados e um governo que n\u00e3o quer convocar novas elei\u00e7\u00f5es; apesar do \u00faltimo mandato ter terminado h\u00e1 mais de um ano. Em todo o mundo, a Rep\u00fablica Democr\u00e1tica do Congo \u00e9 um dos pa\u00edses com o maior n\u00famero de popula\u00e7\u00f5es refugiadas. De acordo com a ACNUR (Alto Comissariado das Na\u00e7\u00f5es Unidas para Refugiados), mais de 4,5 milh\u00f5es de pessoas deslocadas vivem na\u00a0RDC e 735 mil refugiaram-se em pa\u00edses vizinhos.<\/p>\n<p><a href=\"https:\/\/www.acn.org.br\/noticias\/rdc-o-mundo-sabe-o-que-esta-acontecendo-mas-se-cala\/\">Mas por que n\u00e3o se fala mais sobre isto?<\/a> Esta \u00e9 a pergunta que o Padre Apollinaire n\u00e3o para de fazer a si mesmo, enquanto chama a aten\u00e7\u00e3o para as mais de 12 milh\u00f5es de v\u00edtimas da guerra \u2013 um n\u00famero maior de v\u00edtimas do que em qualquer outra guerra terr\u00edvel que atualmente se desenrola em outros pa\u00edses. \u201cAqui \u00e9 500 vezes pior do que na S\u00edria\u201d, diz ele \u2013 antes de afirmar que \u201co sil\u00eancio encobre a oferta de interesses concretos. O interesse econ\u00f4mico nos dep\u00f3sitos de min\u00e9rio \u00e9 mais forte do que tudo\u201d.<\/p>\n<h2 data-fontsize=\"30\" data-lineheight=\"39\">Sil\u00eancio Mundial<\/h2>\n<p>\u201cAgora que surgiu um surto de Ebola, a RDC \u00e9 novamente not\u00edcia. No entanto, porque ningu\u00e9m fala das v\u00edtimas da guerra?<br \/>\n\u00c9 claro que todas as perdas s\u00e3o terr\u00edveis, mas de 40 a 50 pessoas podem morrer durante o surto do Ebola.\u00a0Al\u00e9m disso, as guerras geopol\u00edticas custaram as vidas de mais de 12 milh\u00f5es de pessoas no meu pa\u00eds. \u201cCentenas de crian\u00e7as est\u00e3o morrendo de fome\u201d, continua ele \u2013 \u201cDeus est\u00e1 chorando no meu pa\u00eds. Aqui \u00e9 onde voc\u00ea tem que vir para enxugar Suas l\u00e1grimas\u201d.<\/p>\n<p>A Rep\u00fablica Democr\u00e1tica do Congo \u00e9 um pa\u00eds pobre, no entanto, possui ricas reservas de min\u00e9rio e esta riqueza tem sido sua maior maldi\u00e7\u00e3o. \u201cA guerra que se iniciou em Ruanda e se espalhou pela\u00a0RDC em 1994, \u00e9 totalmente atribu\u00edda aos dep\u00f3sitos de min\u00e9rio. Porque, em termos geol\u00f3gicos, o Congo \u00e9 um verdadeiro tesouro: a maioria dos min\u00e9rios necess\u00e1rios aos pa\u00edses de todo o mundo, podem ser encontrados aqui. Se nossa lideran\u00e7a pol\u00edtica tivesse sido boa, n\u00f3s viver\u00edamos muito bem\u201d, lamenta o padre congol\u00eas durante a entrevista.<\/p>\n<p>Na contram\u00e3o deste inferno terrestre, <a href=\"https:\/\/www.acn.org.br\/noticias\/bispos-da-republica-democratica-do-congo-declaram-estado-de-emergencia\/\">a Igreja Cat\u00f3lica \u00e9 uma das poucas que quebra o sil\u00eancio<\/a>, pois denunciou a situa\u00e7\u00e3o pol\u00edtica e atuou de modo a auxiliar os mais necessitados de assist\u00eancia. N\u00e3o somente bispos e padres congoleses, mas tamb\u00e9m leigos, t\u00eam ajudado, mesmo que normalmente \u00e0 custa de repres\u00e1lias. O padre fala sobre os mais recentes protestos que aconteceram no in\u00edcio deste ano. Como resposta, a pol\u00edcia fechou igrejas. \u201cPessoas morreram, mas quase ningu\u00e9m fala sobre isto. \u00c9 necess\u00e1rio chamar a aten\u00e7\u00e3o para as trag\u00e9dias que acontecem na RDC\u201d diz Padre Apollinaire.<\/p>\n<h2 data-fontsize=\"30\" data-lineheight=\"39\">Ningu\u00e9m desiste de sua voca\u00e7\u00e3o<\/h2>\n<p>Padre Apollinaire admite que constantemente teme por sua vida. Outro incidente aconteceu em fevereiro de 2017, <a href=\"https:\/\/www.acn.org.br\/noticias\/ataque-ao-seminario\/\">quando rebeldes destru\u00edram o semin\u00e1rio<\/a> e 77 padres que estavam em treinamento tiveram que fugir. S\u00f3 sobreviveram porque encontraram ref\u00fagio em outro lugar. O ex\u00e9rcito ocupou o pr\u00e9dio por 4 meses. No entanto, ele tamb\u00e9m se lembra das coisas boas como, por exemplo, quando o semin\u00e1rio p\u00f4de ser reaberto meses depois do ataque gra\u00e7as \u00e0 ajuda nacional e internacional da ACN e de outras organiza\u00e7\u00f5es. \u201cNenhum dos seminaristas desistiu de sua voca\u00e7\u00e3o. Na verdade, outros onze candidatos chegaram; ent\u00e3o s\u00e3o 88 vivendo l\u00e1 agora\u201d, diz ele.<\/p>\n<p>\u201cNossa for\u00e7a vem de Deus, da f\u00e9. Mesmo assim, apesar de tudo, n\u00f3s n\u00e3o perdemos nossa f\u00e9 na humanidade \u2013 apesar das atrocidades de que ela \u00e9 capaz. Seu pa\u00eds pode ser um inferno, mas ainda \u00e9 o seu pa\u00eds\u201d, conclui.<\/p>\n<h2 data-fontsize=\"30\" data-lineheight=\"39\">Apoio incondicional<\/h2>\n<p>Padre Apollinaire Cibaka Cikongo estudou filosofia e teologia na Espanha. Menciona encontros com muitas pessoas generosas; muitas ajudam a manter a\u00a0RDC financeiramente. De acordo com o cl\u00e9rigo, implorar ajuda \u00e9 parte de seu trabalho \u2013 \u201cN\u00e3o podemos parar, simplesmente nos sentar e fazer nada, porque as pessoas morrer\u00e3o sem ajuda. N\u00f3s pedimos incessantemente a Deus e \u00e0s pessoas que ajudem nosso povo\u201d.<\/p>\n<p>Ele admite que, assim como em muitos outros lugares, a vida de um padre na\u00a0RDC n\u00e3o \u00e9 f\u00e1cil. O padre vive sob as mesmas circunst\u00e2ncias que a popula\u00e7\u00e3o. \u201cH\u00e1 muitas dificuldades: fome, sede, perigos. Como padre e pastor voc\u00ea n\u00e3o pode pensar em si mesmo. Tem que pensar nos outros\u201d. Ent\u00e3o, se \u201calgu\u00e9m escolhe entrar no semin\u00e1rio, ao inv\u00e9s de ir para a universidade e levar uma vida melhor, n\u00f3s o aceitamos. E o admiramos por causa das coisas de que ir\u00e1 abrir m\u00e3o. Rezamos para que eles se tornem padres santos, testemunhas do amor de Cristo nas vidas dos outros\u201d.<\/p>\n<\/div>\n<p>&nbsp;<\/p>\n","protected":false},"excerpt":{"rendered":"<p>Padre Apollinaire Cibaka Cikongo: \u201cO seu pa\u00eds pode ser o inferno, mas ainda \u00e9 o seu pa\u00eds. N\u00e3o \u00e9 f\u00e1cil ser um padre na Rep\u00fablica democr\u00e1tica do Congo. Nossa for\u00e7a vem de Deus e da f\u00e9\u201d. Uma na\u00e7\u00e3o constitu\u00edda por\u00a0v\u00edtimas da guerra por recursos naturais, exausta, devastada\u00a0e destru\u00edda.\u00a0Rep\u00fablica Democr\u00e1tica do Congo\u00a0(RDC) \u00e9 um pa\u00eds enorme, [&hellip;]<\/p>\n","protected":false},"author":1,"featured_media":42135,"comment_status":"open","ping_status":"closed","sticky":false,"template":"","format":"standard","meta":{"footnotes":""},"categories":[13],"tags":[],"class_list":["post-42133","post","type-post","status-publish","format-standard","has-post-thumbnail","hentry","category-featured"],"_links":{"self":[{"href":"https:\/\/catolicanet.net\/wp-cnet\/wp-json\/wp\/v2\/posts\/42133","targetHints":{"allow":["GET"]}}],"collection":[{"href":"https:\/\/catolicanet.net\/wp-cnet\/wp-json\/wp\/v2\/posts"}],"about":[{"href":"https:\/\/catolicanet.net\/wp-cnet\/wp-json\/wp\/v2\/types\/post"}],"author":[{"embeddable":true,"href":"https:\/\/catolicanet.net\/wp-cnet\/wp-json\/wp\/v2\/users\/1"}],"replies":[{"embeddable":true,"href":"https:\/\/catolicanet.net\/wp-cnet\/wp-json\/wp\/v2\/comments?post=42133"}],"version-history":[{"count":1,"href":"https:\/\/catolicanet.net\/wp-cnet\/wp-json\/wp\/v2\/posts\/42133\/revisions"}],"predecessor-version":[{"id":42136,"href":"https:\/\/catolicanet.net\/wp-cnet\/wp-json\/wp\/v2\/posts\/42133\/revisions\/42136"}],"wp:featuredmedia":[{"embeddable":true,"href":"https:\/\/catolicanet.net\/wp-cnet\/wp-json\/wp\/v2\/media\/42135"}],"wp:attachment":[{"href":"https:\/\/catolicanet.net\/wp-cnet\/wp-json\/wp\/v2\/media?parent=42133"}],"wp:term":[{"taxonomy":"category","embeddable":true,"href":"https:\/\/catolicanet.net\/wp-cnet\/wp-json\/wp\/v2\/categories?post=42133"},{"taxonomy":"post_tag","embeddable":true,"href":"https:\/\/catolicanet.net\/wp-cnet\/wp-json\/wp\/v2\/tags?post=42133"}],"curies":[{"name":"wp","href":"https:\/\/api.w.org\/{rel}","templated":true}]}}