{"id":4211,"date":"2014-02-12T13:02:17","date_gmt":"2014-02-12T15:02:17","guid":{"rendered":"http:\/\/catolicanet.net\/wp-cnet\/papa-nomeia-bispos-brasileiros-para-conselho-do-vaticano\/"},"modified":"2017-04-04T13:10:24","modified_gmt":"2017-04-04T16:10:24","slug":"papa-nomeia-bispos-brasileiros-para-conselho-do-vaticano","status":"publish","type":"post","link":"https:\/\/catolicanet.net\/wp-cnet\/papa-nomeia-bispos-brasileiros-para-conselho-do-vaticano\/","title":{"rendered":"Papa nomeia bispos brasileiros para Conselho do Vaticano"},"content":{"rendered":"<p style=\"text-align: justify;\">\n<p><img decoding=\"async\" src=\"http:\/\/catolicanet.com.br\/images\/stories\/bisposbrasileirovaticano.jpg\" border=\"0\" align=\"left\" \/>O prefeito da Congrega\u00e7\u00e3o para os Institutos de Vida Consagrada e as Sociedades de Vida Apost\u00f3lica, cardeal Jo\u00e3o Braz de Aviz e o arcebispo do Rio de Janeiro (RJ), dom Orani Jo\u00e3o Tempesta foram nomeados pelo papa Francisco para o Pontif\u00edcio Conselho para os Leigos.<\/p>\n<p>O papa tamb\u00e9m nomeou alguns consultores do Conselho para os Leigos, entre eles, o arcebispo de Bel\u00e9m (PA), dom Alberto Taveira Corr\u00eaa e frei Hans Stapel, fundador e presidente da Associa\u00e7\u00e3o Internacional de Fi\u00e9is &#8211; Fam\u00edlia da Esperan\u00e7a. As nomea\u00e7\u00f5es foram feitas nesta quinta-feira, 6. Na foto, dom Jo\u00e3o Braz, dom Alberto e dom Orani.<\/p>\n<p><img decoding=\"async\" src=\"http:\/\/catolicanet.com.br\/images\/stories\/freihans.jpg\" border=\"0\" \/><\/p>\n<p>Ir\u00e3o integrar o Conselho, outros cardeais indicados pelo papa, entre os quais o arcebispo de Viena (\u00c1ustria), Christoph Schoborn, o de Mil\u00e3o (It\u00e1lia), Angelo Scola, o de Nair\u00f3bi (Qu\u00eania), John Njue, o de Munique (Alemanha), Reinhard Marx, de Manila (Filipinas), Luis Ant\u00f4nio Tagle.<\/p>\n<p>Atividade<br \/>O Pontif\u00edcio Conselho para os Leigos colabora com o papa nas quest\u00f5es voltadas a atua\u00e7\u00e3o dos leigos que atuam na miss\u00e3o da Igreja, seja meio de organismos ou de forma individual. A proposta de cria\u00e7\u00e3o deste conselho teve como base as indica\u00e7\u00f5es do decreto do Conc\u00edlio Vaticano II sobre o apostolado dos leigos: Apostolicam Actuositatem, n. 26. Em 6 de janeiro de 1967 foi aprovada a instala\u00e7\u00e3o do \u00f3rg\u00e3o pelo papa Paulo VI.<\/p>\n<p><strong>Fonte:<\/strong> CNBB<\/p>\n","protected":false},"excerpt":{"rendered":"<p>O prefeito da Congrega\u00e7\u00e3o para os Institutos de Vida Consagrada e as Sociedades de Vida Apost\u00f3lica, cardeal Jo\u00e3o Braz de Aviz e o arcebispo do Rio de Janeiro (RJ), dom Orani Jo\u00e3o Tempesta foram nomeados pelo papa Francisco para o Pontif\u00edcio Conselho para os Leigos. O papa tamb\u00e9m nomeou alguns consultores do Conselho para os [&hellip;]<\/p>\n","protected":false},"author":1,"featured_media":0,"comment_status":"closed","ping_status":"closed","sticky":false,"template":"","format":"standard","meta":{"footnotes":""},"categories":[7],"tags":[],"class_list":["post-4211","post","type-post","status-publish","format-standard","hentry","category-cnbb"],"_links":{"self":[{"href":"https:\/\/catolicanet.net\/wp-cnet\/wp-json\/wp\/v2\/posts\/4211","targetHints":{"allow":["GET"]}}],"collection":[{"href":"https:\/\/catolicanet.net\/wp-cnet\/wp-json\/wp\/v2\/posts"}],"about":[{"href":"https:\/\/catolicanet.net\/wp-cnet\/wp-json\/wp\/v2\/types\/post"}],"author":[{"embeddable":true,"href":"https:\/\/catolicanet.net\/wp-cnet\/wp-json\/wp\/v2\/users\/1"}],"replies":[{"embeddable":true,"href":"https:\/\/catolicanet.net\/wp-cnet\/wp-json\/wp\/v2\/comments?post=4211"}],"version-history":[{"count":1,"href":"https:\/\/catolicanet.net\/wp-cnet\/wp-json\/wp\/v2\/posts\/4211\/revisions"}],"predecessor-version":[{"id":9032,"href":"https:\/\/catolicanet.net\/wp-cnet\/wp-json\/wp\/v2\/posts\/4211\/revisions\/9032"}],"wp:attachment":[{"href":"https:\/\/catolicanet.net\/wp-cnet\/wp-json\/wp\/v2\/media?parent=4211"}],"wp:term":[{"taxonomy":"category","embeddable":true,"href":"https:\/\/catolicanet.net\/wp-cnet\/wp-json\/wp\/v2\/categories?post=4211"},{"taxonomy":"post_tag","embeddable":true,"href":"https:\/\/catolicanet.net\/wp-cnet\/wp-json\/wp\/v2\/tags?post=4211"}],"curies":[{"name":"wp","href":"https:\/\/api.w.org\/{rel}","templated":true}]}}