{"id":42109,"date":"2018-07-10T10:06:57","date_gmt":"2018-07-10T13:06:57","guid":{"rendered":"http:\/\/catolicanet.net\/wp-cnet\/?p=42109"},"modified":"2018-07-10T10:06:57","modified_gmt":"2018-07-10T13:06:57","slug":"copa-do-mundo-papa-encoraja-os-brasileiros-depois-da-eliminacao","status":"publish","type":"post","link":"https:\/\/catolicanet.net\/wp-cnet\/copa-do-mundo-papa-encoraja-os-brasileiros-depois-da-eliminacao\/","title":{"rendered":"Copa do Mundo: Papa encoraja os brasileiros depois da elimina\u00e7\u00e3o"},"content":{"rendered":"<div class=\"article__subTitle\">O encorajamento do Papa Francisco foi feito depois da ora\u00e7\u00e3o Mariana neste domingo, 08 de julho, ao avistar in\u00fameras bandeiras brasileiras na Pra\u00e7a S\u00e3o Pedro.<\/div>\n<div class=\"article__text\">\n<p>Ao final do Angelus dominical, o Papa encorajou os brasileiros depois que a sele\u00e7\u00e3o foi eliminada da Copa do Mundo da R\u00fassia:<\/p>\n<p>\u201c<em>Vejo bandeiras brasileiras\u2026 sa\u00fado os brasileiros e coragem! Ser\u00e1 da pr\u00f3xima vez!\u00a0Desejo a todos um bom domingo. Por favor, n\u00e3o se esque\u00e7am de rezar por mim. Bom almo\u00e7o e at\u00e9 logo<\/em>.\u201d<\/p>\n<p><strong>Mensagem sobre a Copa<\/strong><\/p>\n<div class=\"article__text\">\n<p>No in\u00edcio da competi\u00e7\u00e3o, o Papa enviou uma mensagem, em v\u00eddeo, dirigida a todos os envolvidos na Copa do Mundo da R\u00fassia:<\/p>\n<p>\u201c<em>Desejo enviar a minha cordial sauda\u00e7\u00e3o aos jogadores e aos organizadores, assim como aos que seguir\u00e3o pelos meios de comunica\u00e7\u00e3o social este evento que ultrapassa qualquer fronteira<\/em>\u201c, disse o Pont\u00edfice ao t\u00e9rmino da audi\u00eancia geral desta quarta-feira, no Vaticano. \u201c<em>Que esta importante manifesta\u00e7\u00e3o esportiva possa se tornar uma ocasi\u00e3o de encontro, de di\u00e1logo e de fraternidade entre culturas e religi\u00f5es diversas, favorecendo a solidariedade e a paz entre as na\u00e7\u00f5es<\/em>\u201c, destacou<\/p>\n<p>&nbsp;<\/p>\n<\/div>\n<\/div>\n<div class=\"article__extra\"><em>(Texto da not\u00edcia: vatican news \u2013 Texto da mensagem: portal ig)<\/em><\/div>\n<div><\/div>\n<div>Fonte: CNBB<\/div>\n","protected":false},"excerpt":{"rendered":"<p>O encorajamento do Papa Francisco foi feito depois da ora\u00e7\u00e3o Mariana neste domingo, 08 de julho, ao avistar in\u00fameras bandeiras brasileiras na Pra\u00e7a S\u00e3o Pedro. Ao final do Angelus dominical, o Papa encorajou os brasileiros depois que a sele\u00e7\u00e3o foi eliminada da Copa do Mundo da R\u00fassia: \u201cVejo bandeiras brasileiras\u2026 sa\u00fado os brasileiros e coragem! [&hellip;]<\/p>\n","protected":false},"author":1,"featured_media":42110,"comment_status":"open","ping_status":"closed","sticky":false,"template":"","format":"standard","meta":{"footnotes":""},"categories":[7],"tags":[],"class_list":["post-42109","post","type-post","status-publish","format-standard","has-post-thumbnail","hentry","category-cnbb"],"_links":{"self":[{"href":"https:\/\/catolicanet.net\/wp-cnet\/wp-json\/wp\/v2\/posts\/42109","targetHints":{"allow":["GET"]}}],"collection":[{"href":"https:\/\/catolicanet.net\/wp-cnet\/wp-json\/wp\/v2\/posts"}],"about":[{"href":"https:\/\/catolicanet.net\/wp-cnet\/wp-json\/wp\/v2\/types\/post"}],"author":[{"embeddable":true,"href":"https:\/\/catolicanet.net\/wp-cnet\/wp-json\/wp\/v2\/users\/1"}],"replies":[{"embeddable":true,"href":"https:\/\/catolicanet.net\/wp-cnet\/wp-json\/wp\/v2\/comments?post=42109"}],"version-history":[{"count":1,"href":"https:\/\/catolicanet.net\/wp-cnet\/wp-json\/wp\/v2\/posts\/42109\/revisions"}],"predecessor-version":[{"id":42111,"href":"https:\/\/catolicanet.net\/wp-cnet\/wp-json\/wp\/v2\/posts\/42109\/revisions\/42111"}],"wp:featuredmedia":[{"embeddable":true,"href":"https:\/\/catolicanet.net\/wp-cnet\/wp-json\/wp\/v2\/media\/42110"}],"wp:attachment":[{"href":"https:\/\/catolicanet.net\/wp-cnet\/wp-json\/wp\/v2\/media?parent=42109"}],"wp:term":[{"taxonomy":"category","embeddable":true,"href":"https:\/\/catolicanet.net\/wp-cnet\/wp-json\/wp\/v2\/categories?post=42109"},{"taxonomy":"post_tag","embeddable":true,"href":"https:\/\/catolicanet.net\/wp-cnet\/wp-json\/wp\/v2\/tags?post=42109"}],"curies":[{"name":"wp","href":"https:\/\/api.w.org\/{rel}","templated":true}]}}