{"id":4210,"date":"2014-02-12T12:57:10","date_gmt":"2014-02-12T14:57:10","guid":{"rendered":"http:\/\/catolicanet.net\/wp-cnet\/papa-francisco-nomeia-novo-bispo-de-caico-rn\/"},"modified":"2017-04-04T13:11:01","modified_gmt":"2017-04-04T16:11:01","slug":"papa-francisco-nomeia-novo-bispo-de-caico-rn","status":"publish","type":"post","link":"https:\/\/catolicanet.net\/wp-cnet\/papa-francisco-nomeia-novo-bispo-de-caico-rn\/","title":{"rendered":"Papa Francisco nomeia novo bispo de Caic\u00f3 (RN)"},"content":{"rendered":"<p style=\"text-align: justify;\"><img decoding=\"async\" src=\"http:\/\/catolicanet.com.br\/images\/stories\/peantoniocarlos.jpg\" border=\"0\" align=\"left\" \/>O papa Francisco nomeou hoje, 12, o padre Ant\u00f4nio Carlos Cruz Santos como bispo da diocese de Caic\u00f3 (RN), atualmente provincial dos Mission\u00e1rios do Sagrado Cora\u00e7\u00e3o de Jesus (MSC), na arquidiocese de Juiz de Fora (MG).<\/p>\n<p>Padre Ant\u00f4nio \u00e9 carioca, 52 anos, nasceu em 25 de novembro, na cidade do Rio de Janeiro (RJ).\u00a0 Aos 22 anos, ingressou no Semin\u00e1rio Menor Nossa Senhora do Sagrado Cora\u00e7\u00e3o (MSC), em Juiz de Fora. Cursou filosofia no Semin\u00e1rio Diocesano Paulo VI, em Nova Igua\u00e7u (RJ). Em 1987, fez a experi\u00eancia do noviciado, com profiss\u00e3o religiosa em 2 de janeiro de 1988. Concluiu os estudos de Teologia no Instituto Santo In\u00e1cio, em Belo Horizonte (MG). Recebeu a ordena\u00e7\u00e3o presbiteral em 12 de dezembro de 1992. Entre 1995 e 1997, atuou como formador dos juniores. Tamb\u00e9m ocupou a fun\u00e7\u00e3o de promotor vocacional e formador dos postulantes, de 1998 a 2001.<\/p>\n<p>Atividades<\/p>\n<p>A trajet\u00f3ria presbiteral de padre Ant\u00f4nio Carlos \u00e9 voltada aos trabalhos de forma\u00e7\u00e3o de seminaristas. Foi mestre de novi\u00e7os de 2003 a 2011. Assumiu o cargo de provincial dos Mission\u00e1rios do Sagrado Cora\u00e7\u00e3o de Jesus da Prov\u00edncia do Rio de Janeiro, em 2012, e posteriormente em Juiz de Fora, no qual permaneceu at\u00e9 a data de sua nomea\u00e7\u00e3o como bispo. Foi vig\u00e1rio nas par\u00f3quias Pai Eterno e S\u00e3o Jos\u00e9, na Cidade de Deus (RJ), Nossa Senhora do Sagrado Cora\u00e7\u00e3o, em Contagem (MG), S\u00e3o Judas Tadeu, em Belford (RJ), Senhor Bom Jesus, em Pirassununga (SP) e Nossa Senhora da Soledade, em Itajub\u00e1 (MG).<\/p>\n<p style=\"text-align: justify;\">\u00a0<\/p>\n<p style=\"text-align: justify;\"><strong>Fonte:<\/strong> CNBB<\/p>\n","protected":false},"excerpt":{"rendered":"<p>O papa Francisco nomeou hoje, 12, o padre Ant\u00f4nio Carlos Cruz Santos como bispo da diocese de Caic\u00f3 (RN), atualmente provincial dos Mission\u00e1rios do Sagrado Cora\u00e7\u00e3o de Jesus (MSC), na arquidiocese de Juiz de Fora (MG). Padre Ant\u00f4nio \u00e9 carioca, 52 anos, nasceu em 25 de novembro, na cidade do Rio de Janeiro (RJ).\u00a0 Aos [&hellip;]<\/p>\n","protected":false},"author":1,"featured_media":0,"comment_status":"closed","ping_status":"closed","sticky":false,"template":"","format":"standard","meta":{"footnotes":""},"categories":[7],"tags":[],"class_list":["post-4210","post","type-post","status-publish","format-standard","hentry","category-cnbb"],"_links":{"self":[{"href":"https:\/\/catolicanet.net\/wp-cnet\/wp-json\/wp\/v2\/posts\/4210","targetHints":{"allow":["GET"]}}],"collection":[{"href":"https:\/\/catolicanet.net\/wp-cnet\/wp-json\/wp\/v2\/posts"}],"about":[{"href":"https:\/\/catolicanet.net\/wp-cnet\/wp-json\/wp\/v2\/types\/post"}],"author":[{"embeddable":true,"href":"https:\/\/catolicanet.net\/wp-cnet\/wp-json\/wp\/v2\/users\/1"}],"replies":[{"embeddable":true,"href":"https:\/\/catolicanet.net\/wp-cnet\/wp-json\/wp\/v2\/comments?post=4210"}],"version-history":[{"count":1,"href":"https:\/\/catolicanet.net\/wp-cnet\/wp-json\/wp\/v2\/posts\/4210\/revisions"}],"predecessor-version":[{"id":9033,"href":"https:\/\/catolicanet.net\/wp-cnet\/wp-json\/wp\/v2\/posts\/4210\/revisions\/9033"}],"wp:attachment":[{"href":"https:\/\/catolicanet.net\/wp-cnet\/wp-json\/wp\/v2\/media?parent=4210"}],"wp:term":[{"taxonomy":"category","embeddable":true,"href":"https:\/\/catolicanet.net\/wp-cnet\/wp-json\/wp\/v2\/categories?post=4210"},{"taxonomy":"post_tag","embeddable":true,"href":"https:\/\/catolicanet.net\/wp-cnet\/wp-json\/wp\/v2\/tags?post=4210"}],"curies":[{"name":"wp","href":"https:\/\/api.w.org\/{rel}","templated":true}]}}