{"id":42090,"date":"2018-07-10T08:51:31","date_gmt":"2018-07-10T11:51:31","guid":{"rendered":"http:\/\/catolicanet.net\/wp-cnet\/?p=42090"},"modified":"2018-07-10T09:25:45","modified_gmt":"2018-07-10T12:25:45","slug":"o-povo-catolico-obidense-comemora-a-festividade-de-santa-ana-a-festividade-iniciou-no-domingo-08-com-tradicional-cirio-fluvial","status":"publish","type":"post","link":"https:\/\/catolicanet.net\/wp-cnet\/o-povo-catolico-obidense-comemora-a-festividade-de-santa-ana-a-festividade-iniciou-no-domingo-08-com-tradicional-cirio-fluvial\/","title":{"rendered":"O povo cat\u00f3lico obidense comemora a festividade de Santa Ana. A festividade iniciou no domingo (08) com tradicional C\u00edrio Fluvial"},"content":{"rendered":"<h4>Esteve presenta na celebra\u00e7\u00e3o da Santa Missa na Pra\u00e7a Bar\u00e3o do Rio Branco o cardeal e arcebispo do rio de janeiro Dom Orani Tempesta<\/h4>\n<p><img loading=\"lazy\" decoding=\"async\" class=\"size-medium wp-image-42093 alignleft\" src=\"http:\/\/catolicanet.net\/wp-cnet\/wp-content\/uploads\/cirio-2018-OBIDENSE-_-\u00d3bidosWhatsApp-Image-2018-07-09-at-17_06_50-300x200.jpg\" alt=\"\" width=\"300\" height=\"200\" srcset=\"https:\/\/catolicanet.net\/wp-cnet\/wp-content\/uploads\/cirio-2018-OBIDENSE-_-\u00d3bidosWhatsApp-Image-2018-07-09-at-17_06_50-300x200.jpg 300w, https:\/\/catolicanet.net\/wp-cnet\/wp-content\/uploads\/cirio-2018-OBIDENSE-_-\u00d3bidosWhatsApp-Image-2018-07-09-at-17_06_50-600x400.jpg 600w, https:\/\/catolicanet.net\/wp-cnet\/wp-content\/uploads\/cirio-2018-OBIDENSE-_-\u00d3bidosWhatsApp-Image-2018-07-09-at-17_06_50-696x464.jpg 696w, https:\/\/catolicanet.net\/wp-cnet\/wp-content\/uploads\/cirio-2018-OBIDENSE-_-\u00d3bidosWhatsApp-Image-2018-07-09-at-17_06_50-630x420.jpg 630w, https:\/\/catolicanet.net\/wp-cnet\/wp-content\/uploads\/cirio-2018-OBIDENSE-_-\u00d3bidosWhatsApp-Image-2018-07-09-at-17_06_50.jpg 750w\" sizes=\"auto, (max-width: 300px) 100vw, 300px\" \/>A Festividades de Sant\u2019Ana, padroeira dos cat\u00f3licos de obidenses, come\u00e7ou no domingo (08) com a participa\u00e7\u00e3o de um grande n\u00famero de fi\u00e9is acompanhando as prociss\u00f5es fluviais e terrestres.<\/p>\n<p>Translada\u00e7\u00e3o<\/p>\n<p>A programa\u00e7\u00e3o iniciou na tarde de s\u00e1bado (07) com a Missa de<img loading=\"lazy\" decoding=\"async\" class=\"wp-image-42098 alignright\" src=\"http:\/\/catolicanet.net\/wp-cnet\/wp-content\/uploads\/cirio-2018-OBIDENSE-_-\u00d3bidosWhatsApp-Image-2018-07-09-at-19_29_16-300x225.jpg\" alt=\"\" width=\"271\" height=\"203\" srcset=\"https:\/\/catolicanet.net\/wp-cnet\/wp-content\/uploads\/cirio-2018-OBIDENSE-_-\u00d3bidosWhatsApp-Image-2018-07-09-at-19_29_16-300x225.jpg 300w, https:\/\/catolicanet.net\/wp-cnet\/wp-content\/uploads\/cirio-2018-OBIDENSE-_-\u00d3bidosWhatsApp-Image-2018-07-09-at-19_29_16-600x450.jpg 600w, https:\/\/catolicanet.net\/wp-cnet\/wp-content\/uploads\/cirio-2018-OBIDENSE-_-\u00d3bidosWhatsApp-Image-2018-07-09-at-19_29_16-80x60.jpg 80w, https:\/\/catolicanet.net\/wp-cnet\/wp-content\/uploads\/cirio-2018-OBIDENSE-_-\u00d3bidosWhatsApp-Image-2018-07-09-at-19_29_16-265x198.jpg 265w, https:\/\/catolicanet.net\/wp-cnet\/wp-content\/uploads\/cirio-2018-OBIDENSE-_-\u00d3bidosWhatsApp-Image-2018-07-09-at-19_29_16-696x522.jpg 696w, https:\/\/catolicanet.net\/wp-cnet\/wp-content\/uploads\/cirio-2018-OBIDENSE-_-\u00d3bidosWhatsApp-Image-2018-07-09-at-19_29_16-560x420.jpg 560w, https:\/\/catolicanet.net\/wp-cnet\/wp-content\/uploads\/cirio-2018-OBIDENSE-_-\u00d3bidosWhatsApp-Image-2018-07-09-at-19_29_16.jpg 750w\" sizes=\"auto, (max-width: 271px) 100vw, 271px\" \/> Envio da imagem &#8220;translada\u00e7\u00e3o&#8221; para a cidade de Curu\u00e1 de onde sairia a imagem em prociss\u00e3o. No domingo (08) uma grande festa com a mistura de sentimentos entre gratid\u00e3o e amor pela av\u00f3 de cristo que tomou conta das ruas de \u00d3bidos, uma grande homenagem foi feita para a padroeira dos obidenses, cantos e palmas em ritmo harmonioso no decorrer da prociss\u00e3o.<\/p>\n<p>O C\u00edrio Fluvial iniciou por volta das 14h30mn com a sa\u00edda das embarca\u00e7\u00f5es, seguindo pelo lindo e caudaloso rio Amazonas at\u00e9 a chegada no porto de \u00d3bidos.<\/p>\n<p><img loading=\"lazy\" decoding=\"async\" class=\"size-medium wp-image-42099 alignleft\" src=\"http:\/\/catolicanet.net\/wp-cnet\/wp-content\/uploads\/09072018212715_cirio_2018-300x200.jpg\" alt=\"\" width=\"300\" height=\"200\" srcset=\"https:\/\/catolicanet.net\/wp-cnet\/wp-content\/uploads\/09072018212715_cirio_2018-300x200.jpg 300w, https:\/\/catolicanet.net\/wp-cnet\/wp-content\/uploads\/09072018212715_cirio_2018-600x400.jpg 600w, https:\/\/catolicanet.net\/wp-cnet\/wp-content\/uploads\/09072018212715_cirio_2018-696x464.jpg 696w, https:\/\/catolicanet.net\/wp-cnet\/wp-content\/uploads\/09072018212715_cirio_2018-630x420.jpg 630w, https:\/\/catolicanet.net\/wp-cnet\/wp-content\/uploads\/09072018212715_cirio_2018.jpg 750w\" sizes=\"auto, (max-width: 300px) 100vw, 300px\" \/>A imagem chegou \u00e0 Igreja Matriz por volta das 21h00 com muita festa. O C\u00edrio de Sant\u2019Ana \u00e9 um dos mais antigos C\u00edrios Fluviais da Amaz\u00f4nia, com cerca de aproximadamente 260 anos de muita f\u00e9 e devo\u00e7\u00e3o, com o tema\u00a0&#8220;Em Sant&#8217;Ana formamos comunidade de irm\u00e3os\u201d\u00a0e o lema citando uma passagem b\u00edblica de Mateus 5,13-14\u00a0&#8220;sal da terra e luz do mundo\u201d, os fies e devotos de Sant\u00b4Ana, ter\u00e3o 19 dias de muita festa que conta com uma vasta programa\u00e7\u00e3o at\u00e9 o dia 26 de julho.<\/p>\n<p>Cardeal do Rio de Janeiro<\/p>\n<p>O c\u00edrio tev<\/p>\n<p><img loading=\"lazy\" decoding=\"async\" class=\"size-medium wp-image-42095 alignright\" src=\"http:\/\/catolicanet.net\/wp-cnet\/wp-content\/uploads\/cirio-2018-OBIDENSE-_-\u00d3bidosWhatsApp-Image-2018-07-09-at-17_13_52-1-300x200.jpg\" alt=\"\" width=\"300\" height=\"200\" srcset=\"https:\/\/catolicanet.net\/wp-cnet\/wp-content\/uploads\/cirio-2018-OBIDENSE-_-\u00d3bidosWhatsApp-Image-2018-07-09-at-17_13_52-1-300x200.jpg 300w, https:\/\/catolicanet.net\/wp-cnet\/wp-content\/uploads\/cirio-2018-OBIDENSE-_-\u00d3bidosWhatsApp-Image-2018-07-09-at-17_13_52-1-600x400.jpg 600w, https:\/\/catolicanet.net\/wp-cnet\/wp-content\/uploads\/cirio-2018-OBIDENSE-_-\u00d3bidosWhatsApp-Image-2018-07-09-at-17_13_52-1-696x464.jpg 696w, https:\/\/catolicanet.net\/wp-cnet\/wp-content\/uploads\/cirio-2018-OBIDENSE-_-\u00d3bidosWhatsApp-Image-2018-07-09-at-17_13_52-1-630x420.jpg 630w, https:\/\/catolicanet.net\/wp-cnet\/wp-content\/uploads\/cirio-2018-OBIDENSE-_-\u00d3bidosWhatsApp-Image-2018-07-09-at-17_13_52-1.jpg 750w\" sizes=\"auto, (max-width: 300px) 100vw, 300px\" \/><\/p>\n<p>e a presen\u00e7a Ilustre do cardeal e arcebispo do rio de janeiro Dom Orani Tempesta que disse estar muito contente e participar do c\u00edrio em uma diocese no cora\u00e7\u00e3o da Amaz\u00f4nia. O cardeal conduziu a parte lit\u00fargica das celebra\u00e7\u00f5es religiosas da festividade de Sant&#8217;Ana 2018, dando in\u00edcio a celebra\u00e7\u00e3o da missa que acontecer\u00e1 todos os dias na igreja matriz.<\/p>\n<p>&nbsp;<\/p>\n","protected":false},"excerpt":{"rendered":"<p>Esteve presenta na celebra\u00e7\u00e3o da Santa Missa na Pra\u00e7a Bar\u00e3o do Rio Branco o cardeal e arcebispo do rio de janeiro Dom Orani Tempesta A Festividades de Sant\u2019Ana, padroeira dos cat\u00f3licos de obidenses, come\u00e7ou no domingo (08) com a participa\u00e7\u00e3o de um grande n\u00famero de fi\u00e9is acompanhando as prociss\u00f5es fluviais e terrestres. Translada\u00e7\u00e3o A programa\u00e7\u00e3o [&hellip;]<\/p>\n","protected":false},"author":1,"featured_media":32777,"comment_status":"open","ping_status":"closed","sticky":false,"template":"","format":"standard","meta":{"footnotes":""},"categories":[9],"tags":[],"class_list":["post-42090","post","type-post","status-publish","format-standard","has-post-thumbnail","hentry","category-artigos"],"_links":{"self":[{"href":"https:\/\/catolicanet.net\/wp-cnet\/wp-json\/wp\/v2\/posts\/42090","targetHints":{"allow":["GET"]}}],"collection":[{"href":"https:\/\/catolicanet.net\/wp-cnet\/wp-json\/wp\/v2\/posts"}],"about":[{"href":"https:\/\/catolicanet.net\/wp-cnet\/wp-json\/wp\/v2\/types\/post"}],"author":[{"embeddable":true,"href":"https:\/\/catolicanet.net\/wp-cnet\/wp-json\/wp\/v2\/users\/1"}],"replies":[{"embeddable":true,"href":"https:\/\/catolicanet.net\/wp-cnet\/wp-json\/wp\/v2\/comments?post=42090"}],"version-history":[{"count":4,"href":"https:\/\/catolicanet.net\/wp-cnet\/wp-json\/wp\/v2\/posts\/42090\/revisions"}],"predecessor-version":[{"id":42100,"href":"https:\/\/catolicanet.net\/wp-cnet\/wp-json\/wp\/v2\/posts\/42090\/revisions\/42100"}],"wp:featuredmedia":[{"embeddable":true,"href":"https:\/\/catolicanet.net\/wp-cnet\/wp-json\/wp\/v2\/media\/32777"}],"wp:attachment":[{"href":"https:\/\/catolicanet.net\/wp-cnet\/wp-json\/wp\/v2\/media?parent=42090"}],"wp:term":[{"taxonomy":"category","embeddable":true,"href":"https:\/\/catolicanet.net\/wp-cnet\/wp-json\/wp\/v2\/categories?post=42090"},{"taxonomy":"post_tag","embeddable":true,"href":"https:\/\/catolicanet.net\/wp-cnet\/wp-json\/wp\/v2\/tags?post=42090"}],"curies":[{"name":"wp","href":"https:\/\/api.w.org\/{rel}","templated":true}]}}