{"id":42072,"date":"2018-07-05T10:14:36","date_gmt":"2018-07-05T13:14:36","guid":{"rendered":"http:\/\/catolicanet.net\/wp-cnet\/?p=42072"},"modified":"2018-07-06T10:19:56","modified_gmt":"2018-07-06T13:19:56","slug":"parolin-unir-as-forcas-para-salvar-a-terra-antes-que-seja-tarde","status":"publish","type":"post","link":"https:\/\/catolicanet.net\/wp-cnet\/parolin-unir-as-forcas-para-salvar-a-terra-antes-que-seja-tarde\/","title":{"rendered":"Parolin: unir as for\u00e7as para salvar a Terra antes que seja tarde"},"content":{"rendered":"<div class=\"article__subTitle\">Em andamento na Sala do S\u00ednodo, no Vaticano, o Simp\u00f3sio internacional para a defesa da Terra, nossa casa comum, no terceiro anivers\u00e1rio da Enc\u00edclica do Papa Francisco, Laudato si&#8217;. Na manh\u00e3 desta quinta-feira pronunciaram-se o cardeal secretario de Estado Pietro Parolin e o cardeal Peter Turkson<\/div>\n<div class=\"title__separator\"><\/div>\n<div class=\"article__text\">\n<p><b>Alessandro Gisotti &#8211; Cidade do Vaticano<\/b><\/p>\n<p>\u00c9 hora de responder concretamente ao apelo do Papa Francisco pela defesa de nossa casa comum, antes que seja tarde demais. Foi o que sublinhou o cardeal Pietro Parolin no encontro aberto na manh\u00e3 desta quinta-feira, 6, na Sala Nova do S\u00ednodo, no Vaticano, promovido pelo Dicast\u00e9rio para o Servi\u00e7o do Desenvolvimento Humano Integral, por ocasi\u00e3o do terceiro anivers\u00e1rio de Laudato si&#8217;.<\/p>\n<p>O secret\u00e1rio de Estado vaticano sublinhou como, desde a sua publica\u00e7\u00e3o, a Enc\u00edclica tenha recebido grande apoio tanto dos crentes &#8211; n\u00e3o apenas dos crist\u00e3os &#8211; como da comunidade cient\u00edfica. E enfatizou o tema da ecologia integral e da interdepend\u00eancia, que est\u00e3o no centro do documento papal.<\/p>\n<h2>Cuidado ambiental e justi\u00e7a para os pobres caminham juntos<\/h2>\n<h2><\/h2>\n<p>Em seu discurso, o cardeal Parolin destacou tr\u00eas pontos em particular. Antes de tudo, observou, a <i>Laudato si<\/i>\u00a0sublinha de forma inequ\u00edvoca como &#8220;a situa\u00e7\u00e3o do nosso planeta hoje \u00e9 prec\u00e1ria&#8221;. O perigo \u00e9, de fato, o &#8220;colapso&#8221; de nossa casa comum, que garante a nossa e todas as outras formas de vida.<\/p>\n<div>\n<aside class=\"article__readmore\">\n<div class=\"teaser--labelEvidence teaser\">\n<article>\n<div class=\"teaser__labelWrapper\">\n<div class=\"teaser__label\">Leia tamb\u00e9m<\/div>\n<\/div>\n<div class=\"teaser__contentWrapper\">\n<figure class=\"teaser__image\"><picture><source srcset=\"\/content\/dam\/vaticannews\/agenzie\/images\/afp\/2018\/06\/05\/02\/vietnam-asia-environment-waste-plastic-1528167783734.jpg\/jcr:content\/renditions\/cq5dam.thumbnail.cropped.250.141.jpeg\" media=\"(min-width: 768px)\" data-original-set=\"\/content\/dam\/vaticannews\/agenzie\/images\/afp\/2018\/06\/05\/02\/vietnam-asia-environment-waste-plastic-1528167783734.jpg\/jcr:content\/renditions\/cq5dam.thumbnail.cropped.250.141.jpeg\" \/><source srcset=\"\/content\/dam\/vaticannews\/agenzie\/images\/afp\/2018\/06\/05\/02\/vietnam-asia-environment-waste-plastic-1528167783734.jpg\/jcr:content\/renditions\/cq5dam.thumbnail.cropped.250.141.jpeg\" media=\"(min-width: 340px)\" data-original-set=\"\/content\/dam\/vaticannews\/agenzie\/images\/afp\/2018\/06\/05\/02\/vietnam-asia-environment-waste-plastic-1528167783734.jpg\/jcr:content\/renditions\/cq5dam.thumbnail.cropped.250.141.jpeg\" \/><source srcset=\"\/content\/dam\/vaticannews\/agenzie\/images\/afp\/2018\/06\/05\/02\/vietnam-asia-environment-waste-plastic-1528167783734.jpg\/jcr:content\/renditions\/cq5dam.thumbnail.cropped.250.141.jpeg\" media=\"\" data-original-set=\"\/content\/dam\/vaticannews\/agenzie\/images\/afp\/2018\/06\/05\/02\/vietnam-asia-environment-waste-plastic-1528167783734.jpg\/jcr:content\/renditions\/cq5dam.thumbnail.cropped.250.141.jpeg\" \/><img decoding=\"async\" class=\"loaded\" src=\"https:\/\/www.vaticannews.va\/content\/dam\/vaticannews\/agenzie\/images\/afp\/2018\/06\/05\/02\/vietnam-asia-environment-waste-plastic-1528167783734.jpg\/jcr:content\/renditions\/cq5dam.thumbnail.cropped.250.141.jpeg\" alt=\"Encontro no Vaticano recorda 3 anos da Laudato Si\u2019\" data-original=\"\/content\/dam\/vaticannews\/agenzie\/images\/afp\/2018\/06\/05\/02\/vietnam-asia-environment-waste-plastic-1528167783734.jpg\/jcr:content\/renditions\/cq5dam.thumbnail.cropped.250.141.jpeg\" data-was-processed=\"true\" \/> <\/picture><\/figure>\n<div class=\"teaser__info\">26\/06\/2018<\/p>\n<div class=\"addthis_inline_share_toolbox\" data-description=\"\" data-title=\"Encontro no Vaticano recorda 3 anos da Laudato Si\u2019\" data-url=\"https:\/\/www.vaticannews.va\/pt\/vaticano\/news\/2018-06\/vaticano-simposio-internacional-3-anos-laudato-si-turkson.html\" data-media=\"https:\/\/www.vaticannews.va\/content\/dam\/vaticannews\/agenzie\/images\/afp\/2018\/06\/05\/02\/vietnam-asia-environment-waste-plastic-1528167783734.jpg\/_jcr_content\/renditions\/cq5dam.thumbnail.cropped.250.141.jpeg\">\n<div id=\"atstbx\" class=\"at-resp-share-element at-style-responsive addthis-smartlayers addthis-animated at4-show\" role=\"region\" aria-labelledby=\"at-9e2a0cd1-46fe-44bd-a32a-14740620071e\"><span id=\"at-9e2a0cd1-46fe-44bd-a32a-14740620071e\" class=\"at4-visually-hidden\">AddThis Sharing Buttons<\/span><\/p>\n<div class=\"at-share-btn-elements\"><a class=\"at-icon-wrapper at-share-btn at-svc-facebook\" tabindex=\"1\" title=\"Facebook\" role=\"button\" aria-label=\"Facebook\"><span class=\"at4-visually-hidden\">Share to Facebook<\/span><\/a><a class=\"at-icon-wrapper at-share-btn at-svc-twitter\" tabindex=\"1\" title=\"Twitter\" role=\"button\" aria-label=\"Twitter\"><span class=\"at4-visually-hidden\">Share to Twitter<\/span><\/a><a class=\"at-icon-wrapper at-share-btn at-svc-google_plusone_share\" tabindex=\"1\" title=\"Google+\" role=\"button\" aria-label=\"Google+\"><span class=\"at4-visually-hidden\">Share to Google+<\/span><\/a><a class=\"at-icon-wrapper at-share-btn at-svc-whatsapp\" tabindex=\"1\" title=\"WhatsApp\" role=\"button\" aria-label=\"WhatsApp\"><span class=\"at4-visually-hidden\">Share to WhatsApp<\/span><\/a><\/div>\n<\/div>\n<\/div>\n<\/div>\n<h2 class=\"teaser__title\"><a title=\"Encontro no Vaticano recorda 3 anos da Laudato Si\u2019\" href=\"https:\/\/www.vaticannews.va\/pt\/vaticano\/news\/2018-06\/vaticano-simposio-internacional-3-anos-laudato-si-turkson.html\">Encontro no Vaticano recorda 3 anos da Laudato Si\u2019<\/a><\/h2>\n<div><\/div>\n<\/div>\n<\/article>\n<\/div>\n<\/aside>\n<\/div>\n<p>O segundo ponto da Enc\u00edclica retomado pelo cardeal Parolin, \u00e9 precisamente a ecologia integral. Para Francisco, &#8220;a ecologia humana e a natural s\u00e3o insepar\u00e1veis&#8221;.<\/p>\n<p>Eis porque, advertiu ele, &#8220;cuidar do meio ambiente, justi\u00e7a para os pobres, compromisso com a sociedade e a paz interior&#8221; tamb\u00e9m devem ser insepar\u00e1veis. Tudo para o Papa &#8211; reiterou ele &#8211; est\u00e1 &#8220;interligado&#8221; e, portanto, &#8220;o grito da terra est\u00e1 intimamente ligado ao grito dos pobres&#8221;.<\/p>\n<p>Todos, foi o apelo do secret\u00e1rio de Estado vaticano, somos portanto chamados a &#8220;unir-nos no esfor\u00e7o para salvar nossa casa comum&#8221;.<\/p>\n<h2>Mudar a dire\u00e7\u00e3o do progresso econ\u00f4mico para evitar uma cat\u00e1strofe<\/h2>\n<h2><\/h2>\n<p>O terceiro ponto, sobre o qual o cardeal referiu-se, \u00e9 a dimens\u00e3o espiritual oferecida pela\u00a0<i>Laudato si<\/i> \u00e0 quest\u00e3o ecol\u00f3gica. Uma dimens\u00e3o condensada no &#8220;evangelho&#8221; da cria\u00e7\u00e3o ao qual \u00e9 dedicado o segundo cap\u00edtulo da Enc\u00edclica.<\/p>\n<p>Para Francisco, recordou o cardeal Parolin, deve haver uma rela\u00e7\u00e3o harmoniosa do homem com Deus, com o pr\u00f3ximo e com a m\u00e3e Terra. Os males que vemos tamb\u00e9m em detrimento do meio ambiente, continuou, s\u00e3o o resultado da &#8220;viol\u00eancia presente em nossos cora\u00e7\u00f5es&#8221;. E alertou para a explora\u00e7\u00e3o do meio ambiente e da &#8220;cultura do descarte&#8221;, que est\u00e3o levando a cria\u00e7\u00e3o &#8220;\u00e0 beira da cat\u00e1strofe&#8221;. Por isso, \u00e9 urgente &#8220;mudar a dire\u00e7\u00e3o do progresso, a maneira de administrar nossa economia e nosso modo de vida&#8221;.<\/p>\n<h2>Laudato torna-se a b\u00fassola do caminho em defesa da Terra<\/h2>\n<h2><\/h2>\n<p>A doutrina cat\u00f3lica sobre a cria\u00e7\u00e3o, acrescentou, &#8220;n\u00e3o considera o mundo como um incidente causal&#8221;, mas como um &#8220;ato intencional de Deus que o ofereceu aos seres humanos como um presente&#8221;. Um presente a ser preservado, \u201cn\u00e3o para ser dominado e devastado&#8221;.<\/p>\n<p>\u00c9 sob esta luz, disse o cardeal Parolin, que \u00e9 facilmente entendido porque o Papa Francisco est\u00e1 t\u00e3o preocupado ao mesmo tempo &#8220;pelos pobres e pela natureza&#8221;. Estamos todos conscientes, concluiu ele, de qu\u00e3o dif\u00edcil \u00e9 o caminho a ser percorrido\u201d, mas temos uma boa b\u00fassola que nos guia: a Enc\u00edclica <i>Laudato si&#8221;<\/i>.<\/p>\n<h2>Nossa gera\u00e7\u00e3o tem imensa responsabilidade pelo futuro da humanidade<\/h2>\n<h2><\/h2>\n<p>O cardeal Peter Turkson tamb\u00e9m falou sobre o drama da situa\u00e7\u00e3o. &#8220;A nossa comum casa planet\u00e1ria &#8211; advertiu &#8211; est\u00e1 caindo em ru\u00ednas&#8221; e o tempo para agir &#8220;est\u00e1 expirando&#8221;.<\/p>\n<p>O prefeito do Dicast\u00e9rio para o Servi\u00e7o do Desenvolvimento Humano Integral advertiu ent\u00e3o que, se n\u00e3o mudarmos nosso sistema econ\u00f4mico hoje, &#8220;condenaremos as futuras gera\u00e7\u00f5es&#8221; e, em \u00faltima inst\u00e2ncia, o futuro da pr\u00f3pria Terra.<\/p>\n<p>\u00c9 por isso que, disse o cardeal ganense, a gera\u00e7\u00e3o atual tem uma &#8220;imensa responsabilidade para salvar nossa casa comum&#8221; e \u00e9 por essa raz\u00e3o, acrescentou, que a Santa S\u00e9 com este encontro desejava envolver a todos: desde l\u00edderes religiosos e cientistas, de expoentes pol\u00edticos a representantes da sociedade civil.<\/p>\n<p>O compromisso, disse o cardeal Turkson, \u00e9 criar uma &#8220;rede mundial de pessoas&#8221; que levem com paix\u00e3o o compromisso de proteger o meio ambiente. &#8220;Se esta gera\u00e7\u00e3o n\u00e3o agir &#8211; disse o te\u00f3logo irland\u00eas Sean McDonagh &#8211; nenhuma gera\u00e7\u00e3o futura ser\u00e1 capaz de reparar os danos que esta gera\u00e7\u00e3o causou ao planeta&#8221;.<\/p>\n<div>\n<div class=\"article__embed article__embed--unwrap article__embed--dark\">\n<div class=\"article__innerTitle\">Simp\u00f3sio internacional pela defesa da Terra<\/div>\n<\/div>\n<\/div>\n<div>\n<!--[if lt IE 9]><script>document.createElement('audio');<\/script><![endif]-->\n<audio class=\"wp-audio-shortcode\" id=\"audio-42072-1\" preload=\"none\" style=\"width: 100%;\" controls=\"controls\"><source type=\"audio\/mpeg\" src=\"https:\/\/media.vaticannews.va\/media\/audio\/s1\/2018\/7\/5\/18\/134520132_F134520132.mp3?_=1\" \/><a href=\"https:\/\/media.vaticannews.va\/media\/audio\/s1\/2018\/7\/5\/18\/134520132_F134520132.mp3\">https:\/\/media.vaticannews.va\/media\/audio\/s1\/2018\/7\/5\/18\/134520132_F134520132.mp3<\/a><\/audio>\n<\/div>\n<\/div>\n","protected":false},"excerpt":{"rendered":"<p>Em andamento na Sala do S\u00ednodo, no Vaticano, o Simp\u00f3sio internacional para a defesa da Terra, nossa casa comum, no terceiro anivers\u00e1rio da Enc\u00edclica do Papa Francisco, Laudato si&#8217;. Na manh\u00e3 desta quinta-feira pronunciaram-se o cardeal secretario de Estado Pietro Parolin e o cardeal Peter Turkson Alessandro Gisotti &#8211; Cidade do Vaticano \u00c9 hora de [&hellip;]<\/p>\n","protected":false},"author":1,"featured_media":42073,"comment_status":"open","ping_status":"closed","sticky":false,"template":"","format":"standard","meta":{"footnotes":""},"categories":[3],"tags":[],"class_list":["post-42072","post","type-post","status-publish","format-standard","has-post-thumbnail","hentry","category-vaticano"],"_links":{"self":[{"href":"https:\/\/catolicanet.net\/wp-cnet\/wp-json\/wp\/v2\/posts\/42072","targetHints":{"allow":["GET"]}}],"collection":[{"href":"https:\/\/catolicanet.net\/wp-cnet\/wp-json\/wp\/v2\/posts"}],"about":[{"href":"https:\/\/catolicanet.net\/wp-cnet\/wp-json\/wp\/v2\/types\/post"}],"author":[{"embeddable":true,"href":"https:\/\/catolicanet.net\/wp-cnet\/wp-json\/wp\/v2\/users\/1"}],"replies":[{"embeddable":true,"href":"https:\/\/catolicanet.net\/wp-cnet\/wp-json\/wp\/v2\/comments?post=42072"}],"version-history":[{"count":1,"href":"https:\/\/catolicanet.net\/wp-cnet\/wp-json\/wp\/v2\/posts\/42072\/revisions"}],"predecessor-version":[{"id":42074,"href":"https:\/\/catolicanet.net\/wp-cnet\/wp-json\/wp\/v2\/posts\/42072\/revisions\/42074"}],"wp:featuredmedia":[{"embeddable":true,"href":"https:\/\/catolicanet.net\/wp-cnet\/wp-json\/wp\/v2\/media\/42073"}],"wp:attachment":[{"href":"https:\/\/catolicanet.net\/wp-cnet\/wp-json\/wp\/v2\/media?parent=42072"}],"wp:term":[{"taxonomy":"category","embeddable":true,"href":"https:\/\/catolicanet.net\/wp-cnet\/wp-json\/wp\/v2\/categories?post=42072"},{"taxonomy":"post_tag","embeddable":true,"href":"https:\/\/catolicanet.net\/wp-cnet\/wp-json\/wp\/v2\/tags?post=42072"}],"curies":[{"name":"wp","href":"https:\/\/api.w.org\/{rel}","templated":true}]}}