{"id":42069,"date":"2018-07-06T10:13:54","date_gmt":"2018-07-06T13:13:54","guid":{"rendered":"http:\/\/catolicanet.net\/wp-cnet\/?p=42069"},"modified":"2018-07-06T10:13:54","modified_gmt":"2018-07-06T13:13:54","slug":"faleceu-o-cardeal-jean-louis-tauran","status":"publish","type":"post","link":"https:\/\/catolicanet.net\/wp-cnet\/faleceu-o-cardeal-jean-louis-tauran\/","title":{"rendered":"Faleceu o cardeal Jean-Louis Tauran"},"content":{"rendered":"<div class=\"article__subTitle\">O cardeal Jean-Louis Tauran era Presidente do Pontif\u00edcio Conselho para o Di\u00e1logo inter-religioso e Camerlengo da Santa Igreja Romana. Anunciou ao mundo a elei\u00e7\u00e3o de Francisco. Tinha 75 anos.<\/div>\n<div class=\"title__separator\"><\/div>\n<div class=\"article__text\">\n<p><b>Connecticut<\/b><\/p>\n<p>Faleceu, na tarde desta quinta-feira (05\/7), em Connecticut, EUA, com a idade de 75 anos, o Cardeal Jean-Louis Tauran, Presidente do Pontif\u00edcio Conselho para o Di\u00e1logo inter-religioso e Camerlengo da Santa Igreja Romana, acometido por muito tempo pela doen\u00e7a de Parkinson.<\/p>\n<p>Em 13 de mar\u00e7o de 2013, o Cardeal Tauran, Camerlengo da Santa Igreja, anunciou ao mundo a elei\u00e7\u00e3o do Papa Francisco, com a c\u00e9lebre frase \u201c<i>Habemus Papam<\/i>\u201d.<\/p>\n<h2>Biografia<\/h2>\n<p>Jean-Louis Tauran nasceu em Bordeaux em 5 de abril de 1943. Estudou na Pontif\u00edcia Universidade Gregoriana, em Roma, no Instituto Cat\u00f3lico de Toulouse e na Pontif\u00edcia Academia Eclesi\u00e1stica de Roma.<\/p>\n<p>Foi ordenado sacerdote em 20 de setembro de 1969, em Bordeaux, onde foi p\u00e1roco. Prestou servi\u00e7o diplom\u00e1tico junto \u00e0 Santa S\u00e9 em 1975; foi Secret\u00e1rio da Nunciatura na Rep\u00fablica Dominicana (1975-1978), Secret\u00e1rio da Nunciatura no L\u00edbano (1979-1983); participou de miss\u00f5es especiais no Haiti (1984) e em Beirute e Damasco (1986); foi membro da delega\u00e7\u00e3o da Santa S\u00e9 na Confer\u00eancia sobre Seguran\u00e7a e Coopera\u00e7\u00e3o Europeia, na Confer\u00eancia sobre o Desarmamento, em Estocolmo, Su\u00e9cia, e no F\u00f3rum Cultural em Budapeste, Hungria.<\/p>\n<p>Ao ser nomeado arcebispo foi Secret\u00e1rio da Secretaria de Estado para as Rela\u00e7\u00f5es com os Estados (1990) e Secret\u00e1rio da Congrega\u00e7\u00e3o para os Bispos.<\/p>\n<p>O Cardeal Tauran foi criado Cardeal no Consist\u00f3rio de 2003; Arquivista e Bibliotec\u00e1rio da Santa Igreja Romana (2003- 2007); participou, como representante do Papa, na inaugura\u00e7\u00e3o do novo Museu do Holocausto Yad Vashem, em Jerusal\u00e9m, em 2005.<\/p>\n<p>O Cardeal Jean-Louis Tauran tomou parte da X Assembleia Geral Ordin\u00e1ria do S\u00ednodo dos Bispos (2005), e da XII Assembleia Geral Ordin\u00e1ria do S\u00ednodo dos Bispos (2008).<\/p>\n<p>Foi Enviado especial do Papa na conclus\u00e3o do Ano Paulino (2009), na Turquia; participou da II Assembleia Especial para a \u00c1frica do S\u00ednodo dos Bispos (2009), e da II Assembleia Especial para o Oriente M\u00e9dio do S\u00ednodo dos Bispos (2010); recebeu o Doutorado <i>honoris causa<\/i> no Instituto Cat\u00f3lico de Paris.<\/p>\n<p>Confirmado pelo Papa Bento XVI como Cardeal protodi\u00e1cono no Consist\u00f3rio de 2011 e confirmado, por cinco anos, como Presidente do Pontif\u00edcio Conselho para o Di\u00e1logo Inter-Religioso.<\/p>\n<p>Como Cardeal-protodi\u00e1cono, anunciou ao mundo a elei\u00e7\u00e3o do novo Papa, Jorge Maria Bergoglio, ap\u00f3s o Conclave de 2013; imp\u00f4s o p\u00e1lio sagrado sobre o Papa Francisco, no in\u00edcio do seu minist\u00e9rio petrino, em 19 de mar\u00e7o de 2013.<\/p>\n<p>Em junho de 2013, o Santo Padre o nomeou membro da Pontif\u00edcia Comiss\u00e3o do Instituto para as Obras de Religi\u00e3o (Banco do Vaticano) e confirmado como membro da Congrega\u00e7\u00e3o para os Bispos em 16 de dezembro de 2013.<\/p>\n<p>Em 20 de dezembro de 2014, o Papa Francisco confirmou o Cardeal Jean-Louis Tauran como Camerlengo da Santa Igreja Romana.<\/p>\n<p>Com a morte do Cardeal Jean-Louis Tauran o Col\u00e9gio Cardinal\u00edcio fica composto de 225 Cardeais, dos quais 124 eleitores (em un eventual Conclave) e 101 n\u00e3o eleitores.<\/p>\n<\/div>\n<p>Fonte: R\u00e1dio Vaticano<\/p>\n","protected":false},"excerpt":{"rendered":"<p>O cardeal Jean-Louis Tauran era Presidente do Pontif\u00edcio Conselho para o Di\u00e1logo inter-religioso e Camerlengo da Santa Igreja Romana. Anunciou ao mundo a elei\u00e7\u00e3o de Francisco. Tinha 75 anos. Connecticut Faleceu, na tarde desta quinta-feira (05\/7), em Connecticut, EUA, com a idade de 75 anos, o Cardeal Jean-Louis Tauran, Presidente do Pontif\u00edcio Conselho para o [&hellip;]<\/p>\n","protected":false},"author":1,"featured_media":42070,"comment_status":"open","ping_status":"closed","sticky":false,"template":"","format":"standard","meta":{"footnotes":""},"categories":[13],"tags":[],"class_list":["post-42069","post","type-post","status-publish","format-standard","has-post-thumbnail","hentry","category-featured"],"_links":{"self":[{"href":"https:\/\/catolicanet.net\/wp-cnet\/wp-json\/wp\/v2\/posts\/42069","targetHints":{"allow":["GET"]}}],"collection":[{"href":"https:\/\/catolicanet.net\/wp-cnet\/wp-json\/wp\/v2\/posts"}],"about":[{"href":"https:\/\/catolicanet.net\/wp-cnet\/wp-json\/wp\/v2\/types\/post"}],"author":[{"embeddable":true,"href":"https:\/\/catolicanet.net\/wp-cnet\/wp-json\/wp\/v2\/users\/1"}],"replies":[{"embeddable":true,"href":"https:\/\/catolicanet.net\/wp-cnet\/wp-json\/wp\/v2\/comments?post=42069"}],"version-history":[{"count":1,"href":"https:\/\/catolicanet.net\/wp-cnet\/wp-json\/wp\/v2\/posts\/42069\/revisions"}],"predecessor-version":[{"id":42071,"href":"https:\/\/catolicanet.net\/wp-cnet\/wp-json\/wp\/v2\/posts\/42069\/revisions\/42071"}],"wp:featuredmedia":[{"embeddable":true,"href":"https:\/\/catolicanet.net\/wp-cnet\/wp-json\/wp\/v2\/media\/42070"}],"wp:attachment":[{"href":"https:\/\/catolicanet.net\/wp-cnet\/wp-json\/wp\/v2\/media?parent=42069"}],"wp:term":[{"taxonomy":"category","embeddable":true,"href":"https:\/\/catolicanet.net\/wp-cnet\/wp-json\/wp\/v2\/categories?post=42069"},{"taxonomy":"post_tag","embeddable":true,"href":"https:\/\/catolicanet.net\/wp-cnet\/wp-json\/wp\/v2\/tags?post=42069"}],"curies":[{"name":"wp","href":"https:\/\/api.w.org\/{rel}","templated":true}]}}