{"id":42051,"date":"2018-07-04T10:08:36","date_gmt":"2018-07-04T13:08:36","guid":{"rendered":"http:\/\/catolicanet.net\/wp-cnet\/?p=42051"},"modified":"2018-07-04T10:08:36","modified_gmt":"2018-07-04T13:08:36","slug":"publicada-instrucao-sobre-a-ordo-virginum-em-2020-encontro-mundial-das-virgens-consagradas","status":"publish","type":"post","link":"https:\/\/catolicanet.net\/wp-cnet\/publicada-instrucao-sobre-a-ordo-virginum-em-2020-encontro-mundial-das-virgens-consagradas\/","title":{"rendered":"Publicada Instru\u00e7\u00e3o sobre a Ordo virginum: em 2020 encontro mundial das virgens consagradas"},"content":{"rendered":"<div class=\"article__subTitle\">Publicada a Instru\u00e7\u00e3o &#8216;Ecclesia Sponsae Imago&#8217;, sobre a Ordo virginum: o primeiro documento da Santa S\u00e9 que aprofunda e disciplina esta forma especial de vida consagrada, dedicada \u00e0s mulheres. O cardeal Jo\u00e3o Braz de Aviz faz votos de que em 2020 realize-se em Roma um encontro mundial das virgens consagradas, para celebrar com o Pedro o 50\u00ba anivers\u00e1rio do Rito<\/div>\n<div class=\"title__separator\"><\/div>\n<div class=\"article__text\">\n<p><b>Cidade do Vaticano<\/b><\/p>\n<p>A Congrega\u00e7\u00e3o para os Institutos de Vida Consagrada e as Sociedades de Vida Apost\u00f3lica publicou esta ter\u00e7a-feira a Instru\u00e7\u00e3o <i>Ecclesiae Sponsae Imago<\/i>\u00a0sobre a Ordem das Virgens. O documento em italiano, ingl\u00eas, franc\u00eas e espanhol \u00e9 assinado pelo prefeito do dicast\u00e9rio, cardeal Jo\u00e3o Braz de Aviz e pelo secret\u00e1rio, o arcebispo Jos\u00e9 Rodriguez Carballo<\/p>\n<p>O cardeal brasileiro assim apresenta o documento:<\/p>\n<p>&#8220;&#8216;As virgens consagradas s\u00e3o imagem da Igreja \u00a0esposa de Cristo&#8217;, desta forma o decreto da Sagrada Congrega\u00e7\u00e3o para o Culto Divino, que sob mandatado pelo Beato Papa Paulo VI promulgou o novo Rito da consagra\u00e7\u00e3o das virgens, apresentava as mulheres consagradas na <i>Ordo virginum<\/i>. Era 31 de maio de 1970. Como acontecia nas comunidades apost\u00f3licas e na \u00e9poca patr\u00edstica, ap\u00f3s\u00a0 s\u00e9culos era concedida a possibilidade de receber esta consagra\u00e7\u00e3o tamb\u00e9m as mulheres que permanecem em seu ordin\u00e1rio contexto de vida, e n\u00e3o mais reservado \u00e0s monjas.<\/p>\n<p>A Instru\u00e7\u00e3o <i>Ecclesiae Sponsae Imago<\/i>, que a Congrega\u00e7\u00e3o para os Institutos de Vida Consagrada e Sociedades de Vida Apost\u00f3lica apresenta hoje, retoma essa defini\u00e7\u00e3o. Depois do Rito lit\u00fargico e das normas nela contidas, a Instru\u00e7\u00e3o \u00e9 o primeiro documento da S\u00e9 Apost\u00f3lica que aprofunda a fisionomia e a disciplina desta forma de vida.<\/p>\n<p>Dentro de dois anos, em 2020, o Rito retomado celebrar\u00e1 o 50\u00ba anivers\u00e1rio. No meio s\u00e9culo passado, com a resposta da Igreja particular, esta peculiar voca\u00e7\u00e3o feminina foi conhecida e amada em todo o mundo.<\/p>\n<p>As virgens consagradas est\u00e3o presentes em todos os Continentes, em numerosas Dioceses, e oferecem seu pr\u00f3prio testemunho de vida em todas os \u00e2mbitos da sociedade e da Igreja. Em 2016, durante o Ano da Vida Consagrada, uma estat\u00edstica aproximada estimava a presen\u00e7a de mais de cinco mil virgens consagradas no mundo, em cont\u00ednuo crescimento.<\/p>\n<p>A Instru\u00e7\u00e3o sobre a <i>Ordo virginum<\/i> pretende responder aos pedidos que numerosos Bispos e virgens consagradas nestes \u00faltimos anos t\u00eam apresentado \u00e0 Congrega\u00e7\u00e3o para a Vida Consagrada sobre a voca\u00e7\u00e3o e o testemunho da <i>Ordo virginum,<\/i> a sua presen\u00e7a na Igreja universal, e \u2013 em particular &#8211; sobre a forma\u00e7\u00e3o vocacional e discernimento.<\/p>\n<p><i>Ecclesiae Imago sponsae<\/i> quer ajudar a descobrir a beleza desta voca\u00e7\u00e3o, e contribuir para mostrar a beleza do Senhor que transfigura a vida de tantas mulheres que diariamente a experimentam.<\/p>\n<p>Expresso hoje um desejo, o de organizar e concordar e ver reunidas em Roma virgens consagradas de todo o mundo, para um novo encontro internacional em 2020, para celebrar com Pedro, o 50\u00ba anivers\u00e1rio do Rito&#8221;.<\/p>\n<p>Documento em espanhol:\u00a0<a href=\"http:\/\/www.vatican.va\/roman_curia\/congregations\/ccscrlife\/documents\/rc_con_ccscrlife_doc_20180608_istruzione-ecclesiaesponsaeimago_sp.html\" rel=\"external\">https:\/\/is.gd\/9ZARjS<\/a><\/p>\n<p>Documento em italiano:\u00a0<a href=\"http:\/\/www.vatican.va\/roman_curia\/congregations\/ccscrlife\/documents\/rc_con_ccscrlife_doc_20180608_istruzione-ecclesiaesponsaeimago_it.html\" rel=\"external\">https:\/\/is.gd\/iQ9dyj<\/a><\/p>\n<p>Documento em ingl\u00eas:\u00a0<a href=\"http:\/\/www.vatican.va\/roman_curia\/congregations\/ccscrlife\/documents\/rc_con_ccscrlife_doc_20180608_istruzione-ecclesiaesponsaeimago_en.html\" rel=\"external\">https:\/\/is.gd\/QJIlT7<\/a><\/p>\n<\/div>\n<p>&nbsp;<\/p>\n<p>Fonte: R\u00e1dio Vaticano<\/p>\n","protected":false},"excerpt":{"rendered":"<p>Publicada a Instru\u00e7\u00e3o &#8216;Ecclesia Sponsae Imago&#8217;, sobre a Ordo virginum: o primeiro documento da Santa S\u00e9 que aprofunda e disciplina esta forma especial de vida consagrada, dedicada \u00e0s mulheres. O cardeal Jo\u00e3o Braz de Aviz faz votos de que em 2020 realize-se em Roma um encontro mundial das virgens consagradas, para celebrar com o Pedro [&hellip;]<\/p>\n","protected":false},"author":1,"featured_media":42052,"comment_status":"open","ping_status":"closed","sticky":false,"template":"","format":"standard","meta":{"footnotes":""},"categories":[13],"tags":[],"class_list":["post-42051","post","type-post","status-publish","format-standard","has-post-thumbnail","hentry","category-featured"],"_links":{"self":[{"href":"https:\/\/catolicanet.net\/wp-cnet\/wp-json\/wp\/v2\/posts\/42051","targetHints":{"allow":["GET"]}}],"collection":[{"href":"https:\/\/catolicanet.net\/wp-cnet\/wp-json\/wp\/v2\/posts"}],"about":[{"href":"https:\/\/catolicanet.net\/wp-cnet\/wp-json\/wp\/v2\/types\/post"}],"author":[{"embeddable":true,"href":"https:\/\/catolicanet.net\/wp-cnet\/wp-json\/wp\/v2\/users\/1"}],"replies":[{"embeddable":true,"href":"https:\/\/catolicanet.net\/wp-cnet\/wp-json\/wp\/v2\/comments?post=42051"}],"version-history":[{"count":1,"href":"https:\/\/catolicanet.net\/wp-cnet\/wp-json\/wp\/v2\/posts\/42051\/revisions"}],"predecessor-version":[{"id":42053,"href":"https:\/\/catolicanet.net\/wp-cnet\/wp-json\/wp\/v2\/posts\/42051\/revisions\/42053"}],"wp:featuredmedia":[{"embeddable":true,"href":"https:\/\/catolicanet.net\/wp-cnet\/wp-json\/wp\/v2\/media\/42052"}],"wp:attachment":[{"href":"https:\/\/catolicanet.net\/wp-cnet\/wp-json\/wp\/v2\/media?parent=42051"}],"wp:term":[{"taxonomy":"category","embeddable":true,"href":"https:\/\/catolicanet.net\/wp-cnet\/wp-json\/wp\/v2\/categories?post=42051"},{"taxonomy":"post_tag","embeddable":true,"href":"https:\/\/catolicanet.net\/wp-cnet\/wp-json\/wp\/v2\/tags?post=42051"}],"curies":[{"name":"wp","href":"https:\/\/api.w.org\/{rel}","templated":true}]}}