{"id":4205,"date":"2014-02-11T17:45:21","date_gmt":"2014-02-11T19:45:21","guid":{"rendered":"http:\/\/catolicanet.net\/wp-cnet\/teologo-dom-bruno-forte-a-renuncia-de-bento-xvi-foi-um-ato-de-profunda-honestidade\/"},"modified":"2017-04-04T13:14:40","modified_gmt":"2017-04-04T16:14:40","slug":"teologo-dom-bruno-forte-a-renuncia-de-bento-xvi-foi-um-ato-de-profunda-honestidade","status":"publish","type":"post","link":"https:\/\/catolicanet.net\/wp-cnet\/teologo-dom-bruno-forte-a-renuncia-de-bento-xvi-foi-um-ato-de-profunda-honestidade\/","title":{"rendered":"Te\u00f3logo Dom Bruno Forte: a ren\u00fancia de Bento XVI foi um ato de profunda honestidade"},"content":{"rendered":"<p style=\"text-align: justify;\">A ren\u00fancia, como todo o Pontificado de Bento XVI, foi inspirada pelo Conc\u00edlio Vaticano II. Essa \u00e9 a convic\u00e7\u00e3o do Arcebispo de Chieti-Vasto, o te\u00f3logo Dom Bruno Forte, que, numa entrevista concedida \u00e0 R\u00e1dio Vaticano, se det\u00e9m sobre a decis\u00e3o do Papa Ratzinger e sobre os desdobramentos da ren\u00fancia um ano depois:<\/p>\n<p>Dom Bruno Forte:- &#8220;A meu ver, \u00e9 a express\u00e3o coerente do estilo que o Papa Bento teve durante todo o seu Pontificado: um estilo inspirado na inten\u00e7\u00e3o \u00fanica de agradar a Deus. Em seu modo de ser, o Papa Bento jamais buscou o consenso f\u00e1cil das multid\u00f5es. Ele foi um homem que quis portar avante a reforma espiritual da Igreja e, portanto, a \u00fanica exig\u00eancia fundamental \u2013 para ele \u2013 era que o seu modo de ser Sucessor de Pedro, Bispo de Roma, Pastor universal da Igreja, e o modo de ser da Igreja inteira fossem tais que agradassem a Deus. Creio que essa seja a grande chave de compreens\u00e3o de tudo aquilo que o Papa Bento foi. E nesse sentido, tamb\u00e9m a sua ren\u00fancia foi um ato de obedi\u00eancia ao fato de ele sentir-lhe faltarem as for\u00e7as. Foi um ato de profunda honestidade! Creio poder dizer que ele v\u00ea no Pontificado do Papa Francisco a confirma\u00e7\u00e3o que Deus quis dar \u00e0 validez desta escolha: uma voz vicejante, nova, que de algum modo \u00e9 tamb\u00e9m auxiliada por uma grande energia, inclusive f\u00edsica, que o Papa Bento n\u00e3o teria.&#8221;<\/p>\n<p>RV: Considerando que a ren\u00fancia de Bento XVI deu-se no \u00e2mbito do cinquenten\u00e1rio do Vaticano II, houve quem viu em sua surpreendente decis\u00e3o um singular acolhimento dos ensinamentos conciliares&#8230;<\/p>\n<p>Dom Bruno Forte:- &#8220;\u00c9 preciso partir do fato que Bento XVI, Joseph Ratzinger, foi um protagonista do Conc\u00edlio. O Conc\u00edlio faz parte de seu DNA. Quem pensou que, de algum modo, o Pontificado de Bento XVI fosse um distanciar-se do Vaticano II, no fundo, contradiz aquela que \u00e9 a profunda identidade do pastor, do te\u00f3logo e depois do Papa Joseph Ratzinger. Portanto, o ponto forte a ser ressaltado \u00e9 que o Vaticano II continuamente inspirou o Pontificado do Papa Bento e ele mesmo o disse reiteradas vezes, colhendo a heran\u00e7a tamb\u00e9m de seus predecessores. Naturalmente, na vis\u00e3o do Conc\u00edlio Vaticano II \u00e9 bem claro o que chamo de m\u00edstica do servi\u00e7o: Jo\u00e3o Paulo II foi aquele que, com a sua energia f\u00edsica e espiritual, mexeu com continentes inteiros; depois veio a esta\u00e7\u00e3o da doen\u00e7a, chegando ao ponto extremo do sil\u00eancio, da mudez, quando j\u00e1 n\u00e3o conseguia falar, a n\u00e3o ser com os gestos. Analogamente, com Bento XVI houve a esta\u00e7\u00e3o de seu grande magist\u00e9rio: ele foi um grande catequizador, em muitos aspectos foi um Padre da Igreja moderna; depois, sentindo faltar as for\u00e7as, veio o tempo do sil\u00eancio, que ele escolheu como melhor caminho, no qual p\u00f4de continuar servindo \u00e0 Igreja na ora\u00e7\u00e3o.&#8221;<\/p>\n<p><strong>Fonte:<\/strong> R\u00e1dio Vaticano<\/p>\n","protected":false},"excerpt":{"rendered":"<p>A ren\u00fancia, como todo o Pontificado de Bento XVI, foi inspirada pelo Conc\u00edlio Vaticano II. Essa \u00e9 a convic\u00e7\u00e3o do Arcebispo de Chieti-Vasto, o te\u00f3logo Dom Bruno Forte, que, numa entrevista concedida \u00e0 R\u00e1dio Vaticano, se det\u00e9m sobre a decis\u00e3o do Papa Ratzinger e sobre os desdobramentos da ren\u00fancia um ano depois: Dom Bruno Forte:- [&hellip;]<\/p>\n","protected":false},"author":1,"featured_media":0,"comment_status":"closed","ping_status":"closed","sticky":false,"template":"","format":"standard","meta":{"footnotes":""},"categories":[3],"tags":[],"class_list":["post-4205","post","type-post","status-publish","format-standard","hentry","category-vaticano"],"_links":{"self":[{"href":"https:\/\/catolicanet.net\/wp-cnet\/wp-json\/wp\/v2\/posts\/4205","targetHints":{"allow":["GET"]}}],"collection":[{"href":"https:\/\/catolicanet.net\/wp-cnet\/wp-json\/wp\/v2\/posts"}],"about":[{"href":"https:\/\/catolicanet.net\/wp-cnet\/wp-json\/wp\/v2\/types\/post"}],"author":[{"embeddable":true,"href":"https:\/\/catolicanet.net\/wp-cnet\/wp-json\/wp\/v2\/users\/1"}],"replies":[{"embeddable":true,"href":"https:\/\/catolicanet.net\/wp-cnet\/wp-json\/wp\/v2\/comments?post=4205"}],"version-history":[{"count":1,"href":"https:\/\/catolicanet.net\/wp-cnet\/wp-json\/wp\/v2\/posts\/4205\/revisions"}],"predecessor-version":[{"id":9039,"href":"https:\/\/catolicanet.net\/wp-cnet\/wp-json\/wp\/v2\/posts\/4205\/revisions\/9039"}],"wp:attachment":[{"href":"https:\/\/catolicanet.net\/wp-cnet\/wp-json\/wp\/v2\/media?parent=4205"}],"wp:term":[{"taxonomy":"category","embeddable":true,"href":"https:\/\/catolicanet.net\/wp-cnet\/wp-json\/wp\/v2\/categories?post=4205"},{"taxonomy":"post_tag","embeddable":true,"href":"https:\/\/catolicanet.net\/wp-cnet\/wp-json\/wp\/v2\/tags?post=4205"}],"curies":[{"name":"wp","href":"https:\/\/api.w.org\/{rel}","templated":true}]}}