{"id":42032,"date":"2018-07-03T16:31:22","date_gmt":"2018-07-03T19:31:22","guid":{"rendered":"http:\/\/catolicanet.net\/wp-cnet\/?p=42032"},"modified":"2018-07-03T16:31:22","modified_gmt":"2018-07-03T19:31:22","slug":"copa-russia-2018-assim-neymar-agradeceu-a-deus-apos-brasil-passar-as-quartas-de-final","status":"publish","type":"post","link":"https:\/\/catolicanet.net\/wp-cnet\/copa-russia-2018-assim-neymar-agradeceu-a-deus-apos-brasil-passar-as-quartas-de-final\/","title":{"rendered":"Copa R\u00fassia 2018: Assim Neymar agradeceu a Deus ap\u00f3s Brasil passar \u00e0s quartas de final"},"content":{"rendered":"<p>MOSCOU, 03 Jul. 18 \/ 09:17 am (<a href=\"https:\/\/www.acidigital.com\" target=\"_self\">ACI<\/a>).- O jogador brasileiro Neymar Jr. publicou um agradecimento a Deus em suas redes sociais depois que sua sele\u00e7\u00e3o conseguiu passar para as quartas de final da Copa R\u00fassia 2018.<\/p>\n<p>O Brasil passou para a fase seguinte do Mundial na segunda-feira, 2 de julho, ap\u00f3s derrotar o M\u00e9xico por dois a zero.<\/p>\n<p>Depois da disputa esportiva, o atacante da sele\u00e7\u00e3o brasileira publicou no Facebook, Twitter e Instagram uma foto em que aparece com as m\u00e3os erguidas ao c\u00e9u, acompanhada da mensagem: \u201cPara ti toda honra e toda Gl\u00f3ria, Deus\u201d.<\/p>\n<p>No Instagram, esta imagem j\u00e1 tem mais de 4,9 milh\u00f5es de curtidas. No Facebook tem cerca de 470 mil e, no Twitter, outros 295 mil.<\/p>\n<p>Neymar da Silva Santos J\u00fanior marcou o primeiro gol na partida contra o M\u00e9xico durante o segundo tempo. A sele\u00e7\u00e3o brasileira enfrentar\u00e1 a B\u00e9lgica nas quartas de final, na sexta-feira, 6 de julho.<\/p>\n<p>Esta n\u00e3o \u00e9 a primeira vez que Neymar expressa sua f\u00e9 em um evento esportivo. Ap\u00f3s receber a medalha de ouro na categoria de futebol durante os jogos ol\u00edmpicos do Rio de Janeiro em 2016, ele usou uma faixa na qual estava escrito \u201c100% Jesus\u201d.<\/p>\n<p>Al\u00e9m disso, frequentemente escreve mensagens nas quais louva e agradece a Deus nas fotos publicadas em suas redes sociais.<\/p>\n<p><iframe id=\"instagram-embed-0\" class=\"instagram-media instagram-media-rendered\" src=\"https:\/\/www.instagram.com\/p\/BixdrzJA64L\/embed\/captioned\/?cr=1&amp;v=8&amp;wp=725&amp;rd=www.acidigital.com#%7B%22ci%22%3A0%2C%22os%22%3A3831.945%7D\" height=\"854\" frameborder=\"0\" scrolling=\"no\" data-instgrm-payload-id=\"instagram-media-payload-0\" data-mce-fragment=\"1\"><\/iframe> <iframe id=\"instagram-embed-1\" class=\"instagram-media instagram-media-rendered\" src=\"https:\/\/www.instagram.com\/p\/BkIcoLmAkQv\/embed\/captioned\/?cr=1&amp;v=8&amp;wp=725&amp;rd=www.acidigital.com#%7B%22ci%22%3A1%2C%22os%22%3A3839.36%7D\" height=\"836\" frameborder=\"0\" scrolling=\"no\" data-instgrm-payload-id=\"instagram-media-payload-1\" data-mce-fragment=\"1\"><\/iframe><\/p>\n<p><strong>Fonte: Acidigital<br \/>\n<\/strong><\/p>\n","protected":false},"excerpt":{"rendered":"<p>MOSCOU, 03 Jul. 18 \/ 09:17 am (ACI).- O jogador brasileiro Neymar Jr. publicou um agradecimento a Deus em suas redes sociais depois que sua sele\u00e7\u00e3o conseguiu passar para as quartas de final da Copa R\u00fassia 2018. O Brasil passou para a fase seguinte do Mundial na segunda-feira, 2 de julho, ap\u00f3s derrotar o M\u00e9xico [&hellip;]<\/p>\n","protected":false},"author":1,"featured_media":42033,"comment_status":"open","ping_status":"closed","sticky":false,"template":"","format":"standard","meta":{"footnotes":""},"categories":[13],"tags":[],"class_list":["post-42032","post","type-post","status-publish","format-standard","has-post-thumbnail","hentry","category-featured"],"_links":{"self":[{"href":"https:\/\/catolicanet.net\/wp-cnet\/wp-json\/wp\/v2\/posts\/42032","targetHints":{"allow":["GET"]}}],"collection":[{"href":"https:\/\/catolicanet.net\/wp-cnet\/wp-json\/wp\/v2\/posts"}],"about":[{"href":"https:\/\/catolicanet.net\/wp-cnet\/wp-json\/wp\/v2\/types\/post"}],"author":[{"embeddable":true,"href":"https:\/\/catolicanet.net\/wp-cnet\/wp-json\/wp\/v2\/users\/1"}],"replies":[{"embeddable":true,"href":"https:\/\/catolicanet.net\/wp-cnet\/wp-json\/wp\/v2\/comments?post=42032"}],"version-history":[{"count":1,"href":"https:\/\/catolicanet.net\/wp-cnet\/wp-json\/wp\/v2\/posts\/42032\/revisions"}],"predecessor-version":[{"id":42034,"href":"https:\/\/catolicanet.net\/wp-cnet\/wp-json\/wp\/v2\/posts\/42032\/revisions\/42034"}],"wp:featuredmedia":[{"embeddable":true,"href":"https:\/\/catolicanet.net\/wp-cnet\/wp-json\/wp\/v2\/media\/42033"}],"wp:attachment":[{"href":"https:\/\/catolicanet.net\/wp-cnet\/wp-json\/wp\/v2\/media?parent=42032"}],"wp:term":[{"taxonomy":"category","embeddable":true,"href":"https:\/\/catolicanet.net\/wp-cnet\/wp-json\/wp\/v2\/categories?post=42032"},{"taxonomy":"post_tag","embeddable":true,"href":"https:\/\/catolicanet.net\/wp-cnet\/wp-json\/wp\/v2\/tags?post=42032"}],"curies":[{"name":"wp","href":"https:\/\/api.w.org\/{rel}","templated":true}]}}