{"id":4202,"date":"2014-02-11T15:51:45","date_gmt":"2014-02-11T17:51:45","guid":{"rendered":"http:\/\/catolicanet.net\/wp-cnet\/fidelidade-criativa\/"},"modified":"2017-04-04T13:16:28","modified_gmt":"2017-04-04T16:16:28","slug":"fidelidade-criativa","status":"publish","type":"post","link":"https:\/\/catolicanet.net\/wp-cnet\/fidelidade-criativa\/","title":{"rendered":"Fidelidade Criativa"},"content":{"rendered":"<p style=\"text-align: center;\"><img decoding=\"async\" src=\"http:\/\/catolicanet.com.br\/images\/stories\/fidelidade.jpg\" border=\"0\" \/><\/p>\n<p style=\"text-align: justify;\">Mensagens deixadas pelas crian\u00e7as e pelo p\u00fablico que passou pela exposi\u00e7\u00e3o Mensagens deixadas pelas crian\u00e7as e pelo p\u00fablico que passou pela exposi\u00e7\u00e3o<\/p>\n<p><strong>Foi no segundo semestre de 2013 que a Ajuda \u00e0 Igreja que Sofre (AIS) montou na par\u00f3quia Bom Jesus do Canga\u00edba, na Zona Leste da cidade de S\u00e3o Paulo, a primeira exposi\u00e7\u00e3o itinerante sobre a Igreja Mission\u00e1ria, inspirada na experi\u00eancia realizada durante a Jornada Mundial da Juventude no Rio.<\/strong><\/p>\n<p>Apesar de ser uma experi\u00eancia voltada para o p\u00fablico jovem, a exposi\u00e7\u00e3o foi aberta a todos os p\u00fablicos. E, logo no primeiro dia, recebemos a visita de um grupo de crian\u00e7as da catequese &#8211; com idade m\u00e9dia de 12 anos. A princ\u00edpio, n\u00e3o sab\u00edamos se as crian\u00e7as entenderiam. Mas, no dia seguinte, a catequista apareceu com um envelope. Dentro dele havia uma doa\u00e7\u00e3o de 80 reais. As crian\u00e7as tinham ficado impressionadas. E resolveram mostrar que, para gestos de amor, de caridade, n\u00e3o existem barreiras, nem mesmo de idade. Eles entenderam que, unidos, com o pouco que cada um podia oferecer, tamb\u00e9m podiam fazer parte dessa Miss\u00e3o. A provid\u00eancia divina mostrou com este sinal que a \u201cfidelidade criativa\u201d, t\u00e3o pedida pelo fundador da Obra, o Padre Werenfried van Straaten, j\u00e1 estava dando frutos. Ele desejava que a Ajuda \u00e0 Igreja que Sofre continuasse fiel \u00e0s suas origens, por\u00e9m, com criatividade para continuar firme nos novos tempos.<\/p>\n<p>Outro dia, um amigo benfeitor nos contou que todos os meses, ap\u00f3s ler o seu Boletim, ele o repassa para outra pessoa. Deixa na caixa de correio de alguma casa por onde passa, aos p\u00e9s da porta de algu\u00e9m do seu pr\u00e9dio. Ficamos tamb\u00e9m comovidos com a hist\u00f3ria de uma garota que pediu \u00e0s suas amigas que, ao inv\u00e9s de presentes, no seu anivers\u00e1rio ela queria arrecadar doa\u00e7\u00f5es para a Ajuda \u00e0 Igreja que Sofre. O Esp\u00edrito Santo tem tocado os cora\u00e7\u00f5es dos benfeitores, e muitos est\u00e3o respondendo a este convite para ajudar de novas formas.<\/p>\n<p>Entendemos, ent\u00e3o, que este pedido n\u00e3o se restringia aos colaboradores da AIS, mas tamb\u00e9m aos benfeitores. Pedimos agora a voc\u00ea: se una conosco ao desejo do Pe. Werenfried! Espalhe, invente novas formas de fazer o bem. Nos \u00faltimos tempos, as redes sociais tamb\u00e9m t\u00eam sido um espa\u00e7o para falarmos com nossos amigos sobre o trabalho que a Ajuda \u00e0 Igreja que Sofre faz pela Igreja sofredora. Fale com seus amigos, envie um Twitter, uma mensagem pelo Facebook, um SMS pelo celular. N\u00e3o tenhamos medo das novas tecnologias para falar de Deus, \u00e9 o que o Papa Francisco est\u00e1 fazendo e, portanto, trazendo tantas pessoas de volta \u00e0 f\u00e9 cat\u00f3lica, al\u00e9m de conseguir fazer chegar a todos os cantos as suas mensagens de esperan\u00e7a. N\u00e3o \u00e9 isso que Jesus nos pediu? Fazer chegar o Evangelho a todos?<\/p>\n<p>Esperamos que nos pr\u00f3ximos meses voc\u00eas tamb\u00e9m nos contem o que fizeram para que a AIS fosse mais conhecida ou mesmo iniciativas para conseguirmos mais donativos. \u00c9 desta forma que ampliamos os projetos de ajuda \u00e0 Igreja. Disponibilizamos um endere\u00e7o de e-mail para que voc\u00ea possa partilhar o que voc\u00ea est\u00e1 fazendo de diferente para ajudar a Igreja que sofre: aisbrasil@ais.org.br<\/p>\n<p style=\"text-align: justify;\"><strong>Fonte:<\/strong> AIS &#8211; Ajuda a Igreja que Sofre<\/p>\n","protected":false},"excerpt":{"rendered":"<p>Mensagens deixadas pelas crian\u00e7as e pelo p\u00fablico que passou pela exposi\u00e7\u00e3o Mensagens deixadas pelas crian\u00e7as e pelo p\u00fablico que passou pela exposi\u00e7\u00e3o Foi no segundo semestre de 2013 que a Ajuda \u00e0 Igreja que Sofre (AIS) montou na par\u00f3quia Bom Jesus do Canga\u00edba, na Zona Leste da cidade de S\u00e3o Paulo, a primeira exposi\u00e7\u00e3o itinerante [&hellip;]<\/p>\n","protected":false},"author":1,"featured_media":0,"comment_status":"closed","ping_status":"closed","sticky":false,"template":"","format":"standard","meta":{"footnotes":""},"categories":[4],"tags":[],"class_list":["post-4202","post","type-post","status-publish","format-standard","hentry","category-cotidiano"],"_links":{"self":[{"href":"https:\/\/catolicanet.net\/wp-cnet\/wp-json\/wp\/v2\/posts\/4202","targetHints":{"allow":["GET"]}}],"collection":[{"href":"https:\/\/catolicanet.net\/wp-cnet\/wp-json\/wp\/v2\/posts"}],"about":[{"href":"https:\/\/catolicanet.net\/wp-cnet\/wp-json\/wp\/v2\/types\/post"}],"author":[{"embeddable":true,"href":"https:\/\/catolicanet.net\/wp-cnet\/wp-json\/wp\/v2\/users\/1"}],"replies":[{"embeddable":true,"href":"https:\/\/catolicanet.net\/wp-cnet\/wp-json\/wp\/v2\/comments?post=4202"}],"version-history":[{"count":1,"href":"https:\/\/catolicanet.net\/wp-cnet\/wp-json\/wp\/v2\/posts\/4202\/revisions"}],"predecessor-version":[{"id":9042,"href":"https:\/\/catolicanet.net\/wp-cnet\/wp-json\/wp\/v2\/posts\/4202\/revisions\/9042"}],"wp:attachment":[{"href":"https:\/\/catolicanet.net\/wp-cnet\/wp-json\/wp\/v2\/media?parent=4202"}],"wp:term":[{"taxonomy":"category","embeddable":true,"href":"https:\/\/catolicanet.net\/wp-cnet\/wp-json\/wp\/v2\/categories?post=4202"},{"taxonomy":"post_tag","embeddable":true,"href":"https:\/\/catolicanet.net\/wp-cnet\/wp-json\/wp\/v2\/tags?post=4202"}],"curies":[{"name":"wp","href":"https:\/\/api.w.org\/{rel}","templated":true}]}}