{"id":4201,"date":"2014-02-11T15:46:32","date_gmt":"2014-02-11T17:46:32","guid":{"rendered":"http:\/\/catolicanet.net\/wp-cnet\/11-de-janeiro\/"},"modified":"2017-04-04T13:17:07","modified_gmt":"2017-04-04T16:17:07","slug":"11-de-janeiro","status":"publish","type":"post","link":"https:\/\/catolicanet.net\/wp-cnet\/11-de-janeiro\/","title":{"rendered":"11 de janeiro"},"content":{"rendered":"<p style=\"text-align: center;\"><img decoding=\"async\" src=\"http:\/\/catolicanet.com.br\/images\/stories\/bentoxviefrancisco.jpg\" border=\"0\" \/><\/p>\n<p style=\"text-align: justify;\">\n<p>Nesta ter\u00e7a-feira, o Papa Francisco tuitou duas vezes: a primeira, pedindo ora\u00e7\u00f5es por Bento XVI, no primeiro anivers\u00e1rio do an\u00fancio de sua ren\u00fancia.<\/p>\n<p><strong>Hoje convido-vos a rezar juntos comigo por Sua Santidade Bento XVI, um homem de grande coragem e humildade.<\/strong><\/p>\n<p>No segundo tu\u00edte, o Pont\u00edfice recorda os doentes, na Festa de Nossa Senhora de Lourdes:<\/p>\n<p><strong>Sa\u00fado todas as pessoas doentes e atribuladas. Junto de v\u00f3s est\u00e1 Cristo crucificado: uni-vos a Ele!<\/strong><\/p>\n<p><strong>Fonte:<\/strong> R\u00e1dio Vaticano<\/p>\n","protected":false},"excerpt":{"rendered":"<p>Nesta ter\u00e7a-feira, o Papa Francisco tuitou duas vezes: a primeira, pedindo ora\u00e7\u00f5es por Bento XVI, no primeiro anivers\u00e1rio do an\u00fancio de sua ren\u00fancia. Hoje convido-vos a rezar juntos comigo por Sua Santidade Bento XVI, um homem de grande coragem e humildade. No segundo tu\u00edte, o Pont\u00edfice recorda os doentes, na Festa de Nossa Senhora de [&hellip;]<\/p>\n","protected":false},"author":1,"featured_media":0,"comment_status":"closed","ping_status":"closed","sticky":false,"template":"","format":"standard","meta":{"footnotes":""},"categories":[4],"tags":[],"class_list":["post-4201","post","type-post","status-publish","format-standard","hentry","category-cotidiano"],"_links":{"self":[{"href":"https:\/\/catolicanet.net\/wp-cnet\/wp-json\/wp\/v2\/posts\/4201","targetHints":{"allow":["GET"]}}],"collection":[{"href":"https:\/\/catolicanet.net\/wp-cnet\/wp-json\/wp\/v2\/posts"}],"about":[{"href":"https:\/\/catolicanet.net\/wp-cnet\/wp-json\/wp\/v2\/types\/post"}],"author":[{"embeddable":true,"href":"https:\/\/catolicanet.net\/wp-cnet\/wp-json\/wp\/v2\/users\/1"}],"replies":[{"embeddable":true,"href":"https:\/\/catolicanet.net\/wp-cnet\/wp-json\/wp\/v2\/comments?post=4201"}],"version-history":[{"count":1,"href":"https:\/\/catolicanet.net\/wp-cnet\/wp-json\/wp\/v2\/posts\/4201\/revisions"}],"predecessor-version":[{"id":9043,"href":"https:\/\/catolicanet.net\/wp-cnet\/wp-json\/wp\/v2\/posts\/4201\/revisions\/9043"}],"wp:attachment":[{"href":"https:\/\/catolicanet.net\/wp-cnet\/wp-json\/wp\/v2\/media?parent=4201"}],"wp:term":[{"taxonomy":"category","embeddable":true,"href":"https:\/\/catolicanet.net\/wp-cnet\/wp-json\/wp\/v2\/categories?post=4201"},{"taxonomy":"post_tag","embeddable":true,"href":"https:\/\/catolicanet.net\/wp-cnet\/wp-json\/wp\/v2\/tags?post=4201"}],"curies":[{"name":"wp","href":"https:\/\/api.w.org\/{rel}","templated":true}]}}