{"id":41998,"date":"2018-07-03T14:09:58","date_gmt":"2018-07-03T17:09:58","guid":{"rendered":"http:\/\/catolicanet.net\/wp-cnet\/?p=41998"},"modified":"2018-07-03T14:09:58","modified_gmt":"2018-07-03T17:09:58","slug":"papa-reduz-atividades-no-mes-de-julho","status":"publish","type":"post","link":"https:\/\/catolicanet.net\/wp-cnet\/papa-reduz-atividades-no-mes-de-julho\/","title":{"rendered":"Papa reduz atividades no m\u00eas de julho"},"content":{"rendered":"<div class=\"article__subTitle\">A \u00fanica atividade p\u00fablica do Papa Francisco no m\u00eas de julho \u00e9 o Angelus dominical.<\/div>\n<div class=\"title__separator\"><\/div>\n<div class=\"article__text\">\n<p><b>Cidade do Vaticano<\/b><\/p>\n<p>As Audi\u00eancias Gerais das quartas-feiras est\u00e3o suspensas durante todo o m\u00eas de julho, devendo ser retomadas no m\u00eas de agosto na Sala Paulo VI, em fun\u00e7\u00e3o das altas temperaturas do ver\u00e3o europeu.<\/p>\n<p>O \u00fanico compromisso p\u00fablico do Papa Francisco para o m\u00eas de julho \u00e9 o <i>Angelus <\/i>dominical na Pra\u00e7a S\u00e3o Pedro.<\/p>\n<p>As Missas do Papa com grupos de fi\u00e9is na Santa Marta est\u00e3o suspensas nos meses de julho e de agosto, devendo ser retomadas no m\u00eas de setembro.<\/p>\n<p>&nbsp;<\/p>\n<p>Fonte: R\u00e1dio Vaticano\n<\/p><\/div>\n","protected":false},"excerpt":{"rendered":"<p>A \u00fanica atividade p\u00fablica do Papa Francisco no m\u00eas de julho \u00e9 o Angelus dominical. Cidade do Vaticano As Audi\u00eancias Gerais das quartas-feiras est\u00e3o suspensas durante todo o m\u00eas de julho, devendo ser retomadas no m\u00eas de agosto na Sala Paulo VI, em fun\u00e7\u00e3o das altas temperaturas do ver\u00e3o europeu. O \u00fanico compromisso p\u00fablico do [&hellip;]<\/p>\n","protected":false},"author":1,"featured_media":41999,"comment_status":"open","ping_status":"closed","sticky":false,"template":"","format":"standard","meta":{"footnotes":""},"categories":[13],"tags":[],"class_list":["post-41998","post","type-post","status-publish","format-standard","has-post-thumbnail","hentry","category-featured"],"_links":{"self":[{"href":"https:\/\/catolicanet.net\/wp-cnet\/wp-json\/wp\/v2\/posts\/41998","targetHints":{"allow":["GET"]}}],"collection":[{"href":"https:\/\/catolicanet.net\/wp-cnet\/wp-json\/wp\/v2\/posts"}],"about":[{"href":"https:\/\/catolicanet.net\/wp-cnet\/wp-json\/wp\/v2\/types\/post"}],"author":[{"embeddable":true,"href":"https:\/\/catolicanet.net\/wp-cnet\/wp-json\/wp\/v2\/users\/1"}],"replies":[{"embeddable":true,"href":"https:\/\/catolicanet.net\/wp-cnet\/wp-json\/wp\/v2\/comments?post=41998"}],"version-history":[{"count":1,"href":"https:\/\/catolicanet.net\/wp-cnet\/wp-json\/wp\/v2\/posts\/41998\/revisions"}],"predecessor-version":[{"id":42000,"href":"https:\/\/catolicanet.net\/wp-cnet\/wp-json\/wp\/v2\/posts\/41998\/revisions\/42000"}],"wp:featuredmedia":[{"embeddable":true,"href":"https:\/\/catolicanet.net\/wp-cnet\/wp-json\/wp\/v2\/media\/41999"}],"wp:attachment":[{"href":"https:\/\/catolicanet.net\/wp-cnet\/wp-json\/wp\/v2\/media?parent=41998"}],"wp:term":[{"taxonomy":"category","embeddable":true,"href":"https:\/\/catolicanet.net\/wp-cnet\/wp-json\/wp\/v2\/categories?post=41998"},{"taxonomy":"post_tag","embeddable":true,"href":"https:\/\/catolicanet.net\/wp-cnet\/wp-json\/wp\/v2\/tags?post=41998"}],"curies":[{"name":"wp","href":"https:\/\/api.w.org\/{rel}","templated":true}]}}