{"id":41958,"date":"2018-06-29T08:15:20","date_gmt":"2018-06-29T11:15:20","guid":{"rendered":"http:\/\/catolicanet.net\/wp-cnet\/?p=41958"},"modified":"2018-06-29T16:17:57","modified_gmt":"2018-06-29T19:17:57","slug":"a-violencia-contra-a-mulher","status":"publish","type":"post","link":"https:\/\/catolicanet.net\/wp-cnet\/a-violencia-contra-a-mulher\/","title":{"rendered":"A viol\u00eancia contra a mulher"},"content":{"rendered":"<p><strong>Doze mulheres s\u00e3o assassinadas todos os dias, em m\u00e9dia, no Brasil.<\/strong> \u00c9 o que mostra um levantamento feito pelo G1 considerando os dados oficiais dos estados relativos a 2017. S\u00e3o 4.473 homic\u00eddios dolosos, sendo 946 feminic\u00eddios, ou seja, casos de mulheres mortas em crimes de \u00f3dio motivados pela condi\u00e7\u00e3o de g\u00eanero.<\/p>\n<p>A Lei do Feminic\u00eddio foi criada em 2015 com base nos estudos da advogada criminalista Luiza Eluf: \u201cA conduta\u00a0 \u00e9 matar algu\u00e9m, por\u00e9m, se este algu\u00e9m for mulher e, se essa mulher morrer devido \u00e0s condi\u00e7\u00f5es do sexo feminino no Brasil, ou seja, devido a subalternidade ou ao entendimento por parte do assassino, de que aquela mulher tem menos direito que ele e que aquela mulher lhe deve obedi\u00eancia total e ele tem o direito de vida ou morte sobre ela. Ent\u00e3o, ele mata por esse motivo, ele estar\u00e1 cometendo um feminic\u00eddio\u201d.<\/p>\n<p>Segundo a advogada, a puni\u00e7\u00e3o do feminic\u00eddio \u00e9 maior do que a do homic\u00eddio porque o motivo do assassinato \u00e9 torpe e a v\u00edtima \u00e9 pega de surpresa, de emboscada, \u00e0 trai\u00e7\u00e3o: \u201cTudo isso a nossa lei considera que torna o assassinato mais grave do que um homic\u00eddio que tenha sido praticado de outra forma e por um por outro motivo\u201d.<\/p>\n<p><strong>A viol\u00eancia contra a mulher na Copa 2018<\/strong><\/p>\n<p><strong>\u00a0<\/strong><\/p>\n<p>ONU Mulheres emitiu no dia 22 de junho uma nota p\u00fablica sobre a viol\u00eancia de g\u00eanero durante a Copa do Mundo 2018, considerando \u201cinaceit\u00e1vel a inten\u00e7\u00e3o deliberada de alguns torcedores brasileiros de assediar sexualmente mulheres\u201d durante o evento esportivo.<\/p>\n<p>\u201cAo faz\u00ea-lo, violentaram as mulheres do mundo inteiro. Com palavras de baixo cal\u00e3o, eles reduziram as mulheres a objetos sexuais na demonstra\u00e7\u00e3o de como a misoginia que, inclusive fundamenta a cultura do estupro, assume diferentes formas e n\u00e3o tem fronteiras, ocorrendo num evento que se prop\u00f5e a promover a integra\u00e7\u00e3o dos povos e os sentimentos de uni\u00e3o pelo esporte\u201d, afirmou a nota assinada pela representante da ONU Mulheres Brasil, Nadine Gasman.<\/p>\n<p>De acordo com dados divulgados pelo F\u00f3rum Brasileiro de Seguran\u00e7a P\u00fablica, o Brasil registrou, em m\u00e9dia, 12 assassinatos de mulheres e 135 estupros por dia. Foram 49.497 casos levantados em 2016, n\u00famero 4,3% a mais que no ano anterior. Informa\u00e7\u00f5es s\u00e3o da Folha de S\u00e3o Paulo<\/p>\n<p>Requer de toda sociedade uma tomada urgente de consci\u00eancia e a\u00e7\u00f5es concretas para banir de uma vez por todas essa terr\u00edvel viol\u00eancia contra a mulher. E come\u00e7a pela educa\u00e7\u00e3o no lar, na escolar chamar aten\u00e7\u00e3o para esse assunto, na religi\u00e3o focar os dez mandamentos, na sociedade trabalhar a desconstru\u00e7\u00e3o da ditadura patriarcal, o governo investir em pol\u00edticas p\u00fablicas de forma radical em prol da mulher e o judici\u00e1rio punir com rigor da lei os criminosos. A imprensa sempre publicar os organismos p\u00fablicos para a mulher procurar os seus direitos. A nossa colossal solidariedade a toda mulher do Brasil e do mundo.<\/p>\n<p>Dr. In\u00e1cio Jos\u00e9 do Vale<\/p>\n<p>Psicanalista Cl\u00ednico, PhD<\/p>\n<p>Escritor e Conferencista<\/p>\n<p>Professor de P\u00f3s-Gradua\u00e7\u00e3o na Faculdade Norte do Paran\u00e1<\/p>\n<p>Membro da Sociedade Brasileira de Psican\u00e1lise Contempor\u00e2nea\/RJ. E da Ordem Nacional dos Psicanalistas\/RJ.<\/p>\n<p>Notas:<\/p>\n<p><a href=\"https:\/\/www.geledes.org.br\/feminicidio-mata-oito-mulheres-por-dia-no-brasil-confira-relatos\/?gclid=Cj0KCQjwpcLZBRCnARIsAMPBgF0TMrZ3MkpAhReNs_OFifBey_yvR4ZW4eZgHS-wxK50wVzAHKkU6ZgaAnL6EALw_wcB\">https:\/\/www.geledes.org.br\/feminicidio-mata-oito-mulheres-por-dia-no-brasil-confira-relatos\/?gclid=Cj0KCQjwpcLZBRCnARIsAMPBgF0TMrZ3MkpAhReNs_OFifBey_yvR4ZW4eZgHS-wxK50wVzAHKkU6ZgaAnL6EALw_wcB<\/a><\/p>\n<p>https:\/\/www1.folha.uol.com.br\/cotidiano\/2017\/10\/1931609-brasil-registrou-135-estupros-e-12-assassinatos-de-mulheres-por-dia-em-2016.shtml<\/p>\n","protected":false},"excerpt":{"rendered":"<p>Doze mulheres s\u00e3o assassinadas todos os dias, em m\u00e9dia, no Brasil. \u00c9 o que mostra um levantamento feito pelo G1 considerando os dados oficiais dos estados relativos a 2017. S\u00e3o 4.473 homic\u00eddios dolosos, sendo 946 feminic\u00eddios, ou seja, casos de mulheres mortas em crimes de \u00f3dio motivados pela condi\u00e7\u00e3o de g\u00eanero. A Lei do Feminic\u00eddio [&hellip;]<\/p>\n","protected":false},"author":16,"featured_media":32788,"comment_status":"open","ping_status":"closed","sticky":false,"template":"","format":"standard","meta":{"footnotes":""},"categories":[9],"tags":[],"class_list":["post-41958","post","type-post","status-publish","format-standard","has-post-thumbnail","hentry","category-artigos"],"_links":{"self":[{"href":"https:\/\/catolicanet.net\/wp-cnet\/wp-json\/wp\/v2\/posts\/41958","targetHints":{"allow":["GET"]}}],"collection":[{"href":"https:\/\/catolicanet.net\/wp-cnet\/wp-json\/wp\/v2\/posts"}],"about":[{"href":"https:\/\/catolicanet.net\/wp-cnet\/wp-json\/wp\/v2\/types\/post"}],"author":[{"embeddable":true,"href":"https:\/\/catolicanet.net\/wp-cnet\/wp-json\/wp\/v2\/users\/16"}],"replies":[{"embeddable":true,"href":"https:\/\/catolicanet.net\/wp-cnet\/wp-json\/wp\/v2\/comments?post=41958"}],"version-history":[{"count":1,"href":"https:\/\/catolicanet.net\/wp-cnet\/wp-json\/wp\/v2\/posts\/41958\/revisions"}],"predecessor-version":[{"id":41959,"href":"https:\/\/catolicanet.net\/wp-cnet\/wp-json\/wp\/v2\/posts\/41958\/revisions\/41959"}],"wp:featuredmedia":[{"embeddable":true,"href":"https:\/\/catolicanet.net\/wp-cnet\/wp-json\/wp\/v2\/media\/32788"}],"wp:attachment":[{"href":"https:\/\/catolicanet.net\/wp-cnet\/wp-json\/wp\/v2\/media?parent=41958"}],"wp:term":[{"taxonomy":"category","embeddable":true,"href":"https:\/\/catolicanet.net\/wp-cnet\/wp-json\/wp\/v2\/categories?post=41958"},{"taxonomy":"post_tag","embeddable":true,"href":"https:\/\/catolicanet.net\/wp-cnet\/wp-json\/wp\/v2\/tags?post=41958"}],"curies":[{"name":"wp","href":"https:\/\/api.w.org\/{rel}","templated":true}]}}