{"id":4193,"date":"2014-02-11T15:25:47","date_gmt":"2014-02-11T17:25:47","guid":{"rendered":"http:\/\/catolicanet.net\/wp-cnet\/pe-lombardi-bento-xvi-vive-o-tempo-da-oracao-sua-renuncia-incidiu-na-historia-da-igreja\/"},"modified":"2017-04-04T13:22:19","modified_gmt":"2017-04-04T16:22:19","slug":"pe-lombardi-bento-xvi-vive-o-tempo-da-oracao-sua-renuncia-incidiu-na-historia-da-igreja","status":"publish","type":"post","link":"https:\/\/catolicanet.net\/wp-cnet\/pe-lombardi-bento-xvi-vive-o-tempo-da-oracao-sua-renuncia-incidiu-na-historia-da-igreja\/","title":{"rendered":"Pe. Lombardi: Bento XVI vive o tempo da ora\u00e7\u00e3o, sua ren\u00fancia incidiu na hist\u00f3ria da Igreja"},"content":{"rendered":"<p style=\"text-align: justify;\"><img decoding=\"async\" src=\"http:\/\/catolicanet.com.br\/images\/stories\/pelombardibentoxvi.jpg\" border=\"0\" align=\"left\" \/>Celebra-se nesta ter\u00e7a-feira, 11 de fevereiro, o primeiro anivers\u00e1rio do an\u00fancio da ren\u00fancia ao minist\u00e9rio petrino de Bento XVI. Um gesto destinado a permanecer no tempo, que foi tomado com imensa surpresa no mundo inteiro e n\u00e3o somente na Igreja. De fato, no momento da ren\u00fancia, muitos observadores admitiram que n\u00e3o se estava preparado para uma decis\u00e3o de tal alcance. Para uma reflex\u00e3o um ano ap\u00f3s a ren\u00fancia do Papa Bento XVI, a R\u00e1dio Vaticano ouviu o diretor da Sala de Imprensa da Santa S\u00e9, Pe. Federico Lombardi, tamb\u00e9m diretor da RV:<\/p>\n<p>Pe. Federico Lombardi:- &#8220;H\u00e1 s\u00e9culos n\u00e3o se via uma ren\u00fancia por parte de um Papa e, portanto, para a grand\u00edssima maioria das pessoas se tratava de um gesto inusitado e surpreendente. Na realidade, para quem acompanhava Bento XVI mais de perto, se entendia que havia uma reflex\u00e3o sobre esse tema, e j\u00e1 o havia dito explicitamente em sua conversa\u00e7\u00e3o com Peter Seewald, algum tempo antes \u2013 muito tempo antes. E, portanto, era um tema sobre o qual ele rezava, refletia e avaliava, fazia um discernimento espiritual. Foi o que colocou em pr\u00e1tica ao nos comunicar e o fez de modo sint\u00e9tico no dia da sua ren\u00fancia, naquelas palavras breves, mas dens\u00edssimas que explicavam de modo absolutamente adequado e claro os crit\u00e9rios segundo os quais tomara a sua decis\u00e3o. O que digo \u2013 e o disse j\u00e1 na ocasi\u00e3o \u2013 \u00e9 que me parecia um grande ato de governo, ou seja, uma decis\u00e3o tomada livremente que incide verdadeiramente na situa\u00e7\u00e3o e na Hist\u00f3ria da Igreja. Nesse sentido, \u00e9 um grande ato de governo, feito com uma grande profundidade espiritual, uma grande prepara\u00e7\u00e3o do ponto de vista da reflex\u00e3o e da ora\u00e7\u00e3o; uma grande coragem porque, efetivamente, tratando-se de uma decis\u00e3o inusitada, podia haver problemas ou d\u00favidas sobre &#8220;o que teria&#8221; significado, como reflexos, como conseq\u00fc\u00eancias para o futuro, como rea\u00e7\u00e3o por parte do povo de Deus ou do p\u00fablico. A clareza com a qual Bento XVI se preparou para este gesto e, diria, a f\u00e9 com a qual se preparou, deram-lhe a serenidade e a for\u00e7a necess\u00e1rias para coloc\u00e1-lo em pr\u00e1tica, caminhando com coragem e serenidade, com uma vis\u00e3o verdadeiramente de f\u00e9 e de expectativa do Senhor que acompanha continuamente a sua Igreja, diante dessa situa\u00e7\u00e3o nova que ele viveu em primeira pessoa, durante v\u00e1rias semanas, e que depois a Igreja viveu com a sucess\u00e3o, a elei\u00e7\u00e3o do novo Papa, como todos sabemos. Eis, portanto, verificou-se plenamente, por parte do Esp\u00edrito do Senhor, este sentido de acompanhamento da Igreja em caminho.&#8221;<\/p>\n<p>RV: Um ano atr\u00e1s, muitos se perguntavam como seria a in\u00e9dita conviv\u00eancia entre dois Papas. Hoje se v\u00ea que tanto temor \u2013 talvez mais da parte de &#8220;especialistas&#8221; do que do Povo de Deus \u2013 era exagerado&#8230;<\/p>\n<p>Pe. Federico Lombardi:- &#8220;Sim&#8230; deste ponto de vista, parecia-me absolutamente claro que n\u00e3o havia motivo para se ter nenhum temor. Por qu\u00ea? Porque a quest\u00e3o \u00e9 o fato de o papado ser um servi\u00e7o e n\u00e3o um poder. Se os problemas s\u00e3o vividos em chave de poder, ent\u00e3o \u00e9 claro que duas pessoas podem ter dificuldade a conviver porque pode ser dif\u00edcil renunciar a um poder e conviver com o sucessor. Mas se se vive tudo exclusivamente como servi\u00e7o, ent\u00e3o uma pessoa que cumpriu o seu servi\u00e7o diante de Deus e em plena consci\u00eancia passa o bast\u00e3o deste servi\u00e7o a outra pessoa que com atitude de servi\u00e7o e de plena liberdade de consci\u00eancia realiza esta tarefa, ent\u00e3o o problema n\u00e3o existe absolutamente! H\u00e1 uma solidariedade espiritual profunda entre os Servidores de Deus que buscam o bem do povo de Deus no servi\u00e7o do Senhor.&#8221;<\/p>\n<p>RV: Bento XVI despediu-se ressaltando que teria continuado a servir a Igreja mediante a ora\u00e7\u00e3o: essa foi uma contribui\u00e7\u00e3o realmente extraordin\u00e1ria que deu, e que ainda continua dando, n\u00e3o \u00e9 isso mesmo?<\/p>\n<p>Pe. Federico Lombardi:- &#8220;Sim&#8230; apresento apenas uma pequen\u00edssima recorda\u00e7\u00e3o pessoal: sobretudo nos primeiros tempos do Pontificado, toda vez que havia uma audi\u00eancia e eu passava para saudar o Papa, como de costume, me dava um Ter\u00e7o, porque habitualmente se d\u00e1 uma imagem, um Ter\u00e7o, uma medalha&#8230; e toda vez que o Papa me dava um Ter\u00e7o, dizia: &#8220;Tamb\u00e9m os padres devem se lembrar de rezar&#8221;. Eis que jamais me esqueci disso, porque manifestava assim, de modo muito simples, a sua convic\u00e7\u00e3o e a sua aten\u00e7\u00e3o para o lugar da ora\u00e7\u00e3o em nossa vida, inclusive e em particular na vida de quem tem tarefas de responsabilidade no servi\u00e7o do Senhor. Bento XVI certamente sempre foi um homem de ora\u00e7\u00e3o, em toda sua vida, e \u2013 provavelmente \u2013 desejava ter um tempo para viver essa dimens\u00e3o da ora\u00e7\u00e3o com mais espa\u00e7o, totalidade e profundidade. E este agora \u00e9 o seu tempo.&#8221;<\/p>\n<p>RV: Por outro lado, a vida de ora\u00e7\u00e3o de Bento XVI n\u00e3o deixa de ter momentos de encontro, inclusive com o Papa Francisco, como sabemos. O que o senhor pode nos dizer sobre essa dimens\u00e3o da vida distante dos olhos do mundo, mas n\u00e3o isolada de Joseph Ratzinger?<\/p>\n<p>Pe. Federico Lombardi:- &#8220;Creio que \u00e9 justo dar-se conta de que ele vive num modo discreto, sem uma dimens\u00e3o p\u00fablica; mas isso n\u00e3o significa que vive isolado, fechado como numa pequena clausura. Desempenha uma atividade normal para uma pessoa anci\u00e3 \u2013 uma pessoa anci\u00e3 religiosa: uma vida de ora\u00e7\u00e3o, de reflex\u00e3o, de leitura, de escritura no sentido que responde \u00e0 correspond\u00eancia que recebe; de col\u00f3quios, de encontros com pessoas que lhe est\u00e3o pr\u00f3ximas, que com satisfa\u00e7\u00e3o encontra, com as quais considera \u00fatil manter um di\u00e1logo, que lhe pedem conselho ou proximidade espiritual. De fato, trata-se da vida de uma pessoa rica espiritualmente, de grande experi\u00eancia, numa rela\u00e7\u00e3o discreta com os outros&#8230; O que n\u00e3o existe \u00e9 a dimens\u00e3o p\u00fablica com a qual est\u00e1vamos acostumados, sendo o Papa, e, portanto, estava sempre nas telas, diante da aten\u00e7\u00e3o do mundo inteiro. Isto n\u00e3o h\u00e1; mas fora isso \u00e9 uma vida normal de rela\u00e7\u00f5es. E entre essas rela\u00e7\u00f5es encontra-se a rela\u00e7\u00e3o com o seu sucessor, a rela\u00e7\u00e3o com o Papa Francisco que, como sabemos, tem momentos inclusive de encontros pessoais, de di\u00e1logo&#8230; Um j\u00e1 esteve na casa dou outro. Ademais, existem outras formas de contato que podem ser o telefone ou mensagens que s\u00e3o enviadas: uma situa\u00e7\u00e3o de rela\u00e7\u00e3o totalmente normal, diria, e de solidariedade. Parece-me ser muito bonito para n\u00f3s, quando temos aquelas raras imagens dos dois Papa juntos e que rezam juntos \u2013 o Papa atual e o Papa em\u00e9rito: \u00e9 um sinal muito bonito e encorajador, da continuidade do minist\u00e9rio petrino no servi\u00e7o da Igreja.&#8221;<\/p>\n<p>RV: Uma \u00faltima quest\u00e3o: Pe. Lombardi, o senhor acompanhou Bento XVI durante os seus quase oito anos de Pontificado. O que o Papa em\u00e9rito est\u00e1 lhe dando agora, pessoalmente, espiritualmente, desde 11 de fevereiro do ano passado?<\/p>\n<p>Pe. Federico Lombardi:- &#8220;Sinto muito a presen\u00e7a do Papa Bento XVI, como uma presen\u00e7a espiritual forte que acompanha, que serena&#8230; Penso nas grandes figuras de anci\u00e3os da Hist\u00f3ria da Igreja e da Hist\u00f3ria sagrada; em particular, todos pensamos \u2013 por exemplo \u2013 em Sime\u00e3o, que acolhe Jesus no Templo e que olha com alegria tamb\u00e9m para seu destino eterno e inclusive para o futuro da comunidade que continua caminhando nesta terra. Todos sabemos o grand\u00edssimo valor de termos conosco anci\u00e3os, anci\u00e3os ricos de sabedoria, ricos de f\u00e9, serenos: s\u00e3o verdadeiramente uma grand\u00edssima ajuda para quem \u00e9 mais jovem, para seguir adiante olham para o futuro com confian\u00e7a e com esperan\u00e7a. \u00c9 o que Bento XVI \u00e9 para mim \u2013 e creio para a Igreja: o Grande Anci\u00e3o, s\u00e1bio, digamos \u2013 inclusive \u2013 santo. \u00c9 sereno, porque \u00e9 bonito, quando o vemos, d\u00e1 verdadeiramente uma impress\u00e3o de grande serenidade espiritual. Conservou o seu sorriso com o qual nos acostumamos, nos momentos bonitos em que o encontr\u00e1vamos \u2013 e que, portanto, nos convidam a seguir adiante no caminho, confiantes e com esperan\u00e7a.&#8221;<\/p>\n<p><strong>Fonte:<\/strong> R\u00e1dio Vaticano<\/p>\n","protected":false},"excerpt":{"rendered":"<p>Celebra-se nesta ter\u00e7a-feira, 11 de fevereiro, o primeiro anivers\u00e1rio do an\u00fancio da ren\u00fancia ao minist\u00e9rio petrino de Bento XVI. Um gesto destinado a permanecer no tempo, que foi tomado com imensa surpresa no mundo inteiro e n\u00e3o somente na Igreja. De fato, no momento da ren\u00fancia, muitos observadores admitiram que n\u00e3o se estava preparado para [&hellip;]<\/p>\n","protected":false},"author":1,"featured_media":0,"comment_status":"closed","ping_status":"closed","sticky":false,"template":"","format":"standard","meta":{"footnotes":""},"categories":[3],"tags":[],"class_list":["post-4193","post","type-post","status-publish","format-standard","hentry","category-vaticano"],"_links":{"self":[{"href":"https:\/\/catolicanet.net\/wp-cnet\/wp-json\/wp\/v2\/posts\/4193","targetHints":{"allow":["GET"]}}],"collection":[{"href":"https:\/\/catolicanet.net\/wp-cnet\/wp-json\/wp\/v2\/posts"}],"about":[{"href":"https:\/\/catolicanet.net\/wp-cnet\/wp-json\/wp\/v2\/types\/post"}],"author":[{"embeddable":true,"href":"https:\/\/catolicanet.net\/wp-cnet\/wp-json\/wp\/v2\/users\/1"}],"replies":[{"embeddable":true,"href":"https:\/\/catolicanet.net\/wp-cnet\/wp-json\/wp\/v2\/comments?post=4193"}],"version-history":[{"count":1,"href":"https:\/\/catolicanet.net\/wp-cnet\/wp-json\/wp\/v2\/posts\/4193\/revisions"}],"predecessor-version":[{"id":9051,"href":"https:\/\/catolicanet.net\/wp-cnet\/wp-json\/wp\/v2\/posts\/4193\/revisions\/9051"}],"wp:attachment":[{"href":"https:\/\/catolicanet.net\/wp-cnet\/wp-json\/wp\/v2\/media?parent=4193"}],"wp:term":[{"taxonomy":"category","embeddable":true,"href":"https:\/\/catolicanet.net\/wp-cnet\/wp-json\/wp\/v2\/categories?post=4193"},{"taxonomy":"post_tag","embeddable":true,"href":"https:\/\/catolicanet.net\/wp-cnet\/wp-json\/wp\/v2\/tags?post=4193"}],"curies":[{"name":"wp","href":"https:\/\/api.w.org\/{rel}","templated":true}]}}