{"id":4192,"date":"2014-02-11T15:19:45","date_gmt":"2014-02-11T17:19:45","guid":{"rendered":"http:\/\/catolicanet.net\/wp-cnet\/bento-xvi-humildade-e-coragem-por-amor-a-igreja\/"},"modified":"2017-04-04T13:22:57","modified_gmt":"2017-04-04T16:22:57","slug":"bento-xvi-humildade-e-coragem-por-amor-a-igreja","status":"publish","type":"post","link":"https:\/\/catolicanet.net\/wp-cnet\/bento-xvi-humildade-e-coragem-por-amor-a-igreja\/","title":{"rendered":"Bento XVI, humildade e coragem por amor \u00e0 Igreja"},"content":{"rendered":"<p style=\"text-align: justify;\">\n<p><img decoding=\"async\" src=\"http:\/\/catolicanet.com.br\/images\/stories\/bentoxvi2014.jpg\" border=\"0\" align=\"left\" \/>No dia em que se recorda um ano da ren\u00fancia de seu antecessor, o Papa Francisco convidou os fi\u00e9is a rezar juntos com ele por Sua Santidade Bento XVI, \u201chomem de grande coragem e humildade\u201d. Dias atr\u00e1s, em carta publicada pelo jornal italiano \u201cLa Repubblica\u201d ao te\u00f3logo Hans Kung, Joseph Ratzinger se dizia grato pela grande semelhan\u00e7a de vis\u00f5es e pela amizade que o une ao Papa Francisco. O Papa Em\u00e9rito afirma que seu \u00fanico e \u00faltimo dever \u00e9 encorajar o atual Pontificado com a ora\u00e7\u00e3o.<\/p>\n<p>Um ano ap\u00f3s sua ren\u00fancia, que surpreendeu o mundo, a atitude de Joseph Ratzinger \u00e9 hoje vista como um ato de coragem, que abriu a Igreja para uma \u201cprimavera\u201d. J\u00e1 naquele dia, o Cardeal Jo\u00e3o Braz de Aviz, Prefeito da Congrega\u00e7\u00e3o para os Institutos de Vida Consagrada e as Sociedades de Vida Apost\u00f3lica, disse esperar para a Igreja o Pont\u00edfice melhor para aquele momento. Entrevistado pela RV naquela mesma manh\u00e3, ele contou que a sua primeira rea\u00e7\u00e3o ao ouvir a not\u00edcia da ren\u00fancia do Papa foi consultar o cardeal que estava ao seu lado para ter certeza de que tinha entendido direito.<\/p>\n<p>\u201cFoi uma surpresa para todos n\u00f3s porque esta atitude da ren\u00fancia n\u00e3o \u00e9 uma atitude muito comum na Igreja. \u00c9 um ato de extrema humildade por parte do Papa, de extremo amor \u00e0 Igreja e que nos colheu muito de surpresa, a gente via na pr\u00f3pria sala esta surpresa. N\u00e3o sab\u00edamos de nada, s\u00f3 da quest\u00e3o do Consist\u00f3rio para os santos e n\u00e3o de sua ren\u00fancia. Nesse sentido, foi uma grande surpresa. Da nossa parte, queremos pedir pela Igreja, pedir tamb\u00e9m pelo novo Conclave e pedir para que o Senhor d\u00ea a n\u00f3s o Pont\u00edfice que ele pensou para este momento\u201d.<\/p>\n<p>J\u00e1 Dom Cl\u00e1udio Hummes, que havia colaborado diretamente com Bento XVI como Prefeito da Congrega\u00e7\u00e3o para o Clero, no Vaticano, foi surpreendido em S\u00e3o Paulo com a not\u00edcia. Em exclusiva ao Programa Brasileiro, em sua chegada a Roma para o Conclave, Dom Cl\u00e1udio ressaltou a humildade de Joseph Ratzinger, um homem \u201cque n\u00e3o se agarrou ao poder e ao prest\u00edgio&#8221;:<\/p>\n<p>\u201cA grandeza dele est\u00e1 em sua humildade, no despojamento. O Papa e um homem que n\u00e3o se aferra ao poder e ao prest\u00edgio, mas como ele mesmo dizia: eu vejo que n\u00e3o tenho mais suficientes for\u00e7as humanas para continuar neste encargo, ent\u00e3o para o bem da Igreja, eu renuncio. Ficou claro que o fez para o bem da Igreja. Talvez seja uma oportunidade para coisas novas acontecerem, para o bem da Igreja\u201d.<\/p>\n<p><strong>Fonte:<\/strong> R\u00e1dio Vaticano<\/p>\n","protected":false},"excerpt":{"rendered":"<p>No dia em que se recorda um ano da ren\u00fancia de seu antecessor, o Papa Francisco convidou os fi\u00e9is a rezar juntos com ele por Sua Santidade Bento XVI, \u201chomem de grande coragem e humildade\u201d. Dias atr\u00e1s, em carta publicada pelo jornal italiano \u201cLa Repubblica\u201d ao te\u00f3logo Hans Kung, Joseph Ratzinger se dizia grato pela [&hellip;]<\/p>\n","protected":false},"author":1,"featured_media":0,"comment_status":"closed","ping_status":"closed","sticky":false,"template":"","format":"standard","meta":{"footnotes":""},"categories":[3],"tags":[],"class_list":["post-4192","post","type-post","status-publish","format-standard","hentry","category-vaticano"],"_links":{"self":[{"href":"https:\/\/catolicanet.net\/wp-cnet\/wp-json\/wp\/v2\/posts\/4192","targetHints":{"allow":["GET"]}}],"collection":[{"href":"https:\/\/catolicanet.net\/wp-cnet\/wp-json\/wp\/v2\/posts"}],"about":[{"href":"https:\/\/catolicanet.net\/wp-cnet\/wp-json\/wp\/v2\/types\/post"}],"author":[{"embeddable":true,"href":"https:\/\/catolicanet.net\/wp-cnet\/wp-json\/wp\/v2\/users\/1"}],"replies":[{"embeddable":true,"href":"https:\/\/catolicanet.net\/wp-cnet\/wp-json\/wp\/v2\/comments?post=4192"}],"version-history":[{"count":1,"href":"https:\/\/catolicanet.net\/wp-cnet\/wp-json\/wp\/v2\/posts\/4192\/revisions"}],"predecessor-version":[{"id":9052,"href":"https:\/\/catolicanet.net\/wp-cnet\/wp-json\/wp\/v2\/posts\/4192\/revisions\/9052"}],"wp:attachment":[{"href":"https:\/\/catolicanet.net\/wp-cnet\/wp-json\/wp\/v2\/media?parent=4192"}],"wp:term":[{"taxonomy":"category","embeddable":true,"href":"https:\/\/catolicanet.net\/wp-cnet\/wp-json\/wp\/v2\/categories?post=4192"},{"taxonomy":"post_tag","embeddable":true,"href":"https:\/\/catolicanet.net\/wp-cnet\/wp-json\/wp\/v2\/tags?post=4192"}],"curies":[{"name":"wp","href":"https:\/\/api.w.org\/{rel}","templated":true}]}}