{"id":41887,"date":"2018-06-28T11:22:08","date_gmt":"2018-06-28T14:22:08","guid":{"rendered":"http:\/\/catolicanet.net\/wp-cnet\/?p=41887"},"modified":"2018-06-28T11:22:08","modified_gmt":"2018-06-28T14:22:08","slug":"papa-a-delegacao-de-constantinopla-recordar-os-apostolos-significa-recordar-nossas-raizes-comuns","status":"publish","type":"post","link":"https:\/\/catolicanet.net\/wp-cnet\/papa-a-delegacao-de-constantinopla-recordar-os-apostolos-significa-recordar-nossas-raizes-comuns\/","title":{"rendered":"Papa \u00e0 delega\u00e7\u00e3o de Constantinopla: \u201cRecordar os Ap\u00f3stolos, significa recordar nossas ra\u00edzes comuns\u201d"},"content":{"rendered":"<div class=\"article__subTitle\">\u201cAssiste-se a uma progressiva cegueira da f\u00e9 crist\u00e3, que n\u00e3o influencia mais nas escolhas individuais e nas decis\u00f5es p\u00fablicas&#8221;. S\u00e3o as palavras do Papa Francisco \u00e0 Delega\u00e7\u00e3o de representantes do Patriarcado de Constantinopla, vindos a Roma para a Solenidade dos Santos Ap\u00f3stolos Pedro e Paulo.<\/div>\n<div class=\"title__separator\"><\/div>\n<div class=\"article__text\">\n<p><b>Cidade do Vaticano<\/b><\/p>\n<p>O <b>Papa Francisco<\/b> recebeu na manh\u00e3 desta quinta-feira (28\/06), a Delega\u00e7\u00e3o de representantes do Patriarcado de Constantinopla, vindos a Roma para a <b>Solenidade dos Santos Ap\u00f3stolos Pedro e Paulo<\/b>. A visita j\u00e1 faz parte de uma tradi\u00e7\u00e3o pois na <b>Solenidade de Santo Andr\u00e9<\/b>, Padroeiro patriarcal, o Papa envia uma Delega\u00e7\u00e3o Vaticana \u00e0 Sede do Patriarcado Ecum\u00eanico.<\/p>\n<h2><b>Ra\u00edzes comuns<\/b><\/h2>\n<h2><\/h2>\n<p>O Papa iniciou recordando que a presen\u00e7a da Delega\u00e7\u00e3o \u201c\u00e9 sinal da crescente comunh\u00e3o que liga a Igreja Cat\u00f3lica e o Patriarcado Ecum\u00eanico\u201d e \u201crecordar os Ap\u00f3stolos, seus ensinamentos e seu testemunho significa recordar as ra\u00edzes comuns\u201d.<\/p>\n<p>Depois o Papa falou que \u201cse assiste a uma progressiva cegueira da f\u00e9 crist\u00e3, que n\u00e3o influencia mais nas escolhas individuais e nas decis\u00f5es p\u00fablicas\u201d e que \u201co desprezo da dignidade da pessoa humana, a idolatria do dinheiro, a difus\u00e3o da viol\u00eancia, a absolutiza\u00e7\u00e3o da ci\u00eancia e da t\u00e9cnica, a explora\u00e7\u00e3o desconsiderada dos recursos naturais s\u00e3o apenas alguns dos graves sinais de uma tr\u00e1gica realidade, \u00e0 qual n\u00e3o podemos nos resignar\u201d.<\/p>\n<p>[ No decorrer dos \u00faltimos meses o Patriarcado Ecum\u00eanico e a Igreja Cat\u00f3lica colaboraram em iniciativas ligadas a temas de grande import\u00e2ncia, entre os quais a luta contra as novas formas de escravid\u00e3o, a defesa da cria\u00e7\u00e3o, a busca da paz. ]<\/p>\n<h2><b>O futuro n\u00e3o pertence \u00e0 divis\u00e3o, mas ao amor<\/b><\/h2>\n<h2><\/h2>\n<p>Francisco disse tamb\u00e9m que concorda plenamente com as palavras do <b>Patriarca Bartolomeu<\/b> na sua recente visita a Roma ao participar do Simp\u00f3sio internacional sobre \u201cNovas pol\u00edticas e estilos de vida na era digital\u201d. \u201cRejeitemos a c\u00ednica frase \u2018N\u00e3o h\u00e1 alternativa\u2019 [\u2026] \u00c9 inaceit\u00e1vel que as formas alternativas de desenvolvimento e a for\u00e7a da solidariedade social e da justi\u00e7a sejam ignoradas e caluniadas\u201d. \u201cNas nossas Igrejas provamos a aben\u00e7oada certeza de que o futuro n\u00e3o pertence ao \u201cter\u201d, mas ao \u201cser\u201d, n\u00e3o \u00e0 \u201cavareza\u201d, mas ao \u201ccompartilhamento\u201d, n\u00e3o ao individualismo e ao ego\u00edsmo, mas \u00e0 comunh\u00e3o e \u00e0 solidariedade: n\u00e3o pertence \u00e0 divis\u00e3o, mas ao amor\u201d.<\/p>\n<p>Enfim o Papa agradece ao Patriarca por ter aceito o convite para o Encontro com os chefes das Igrejas e as comunidades crist\u00e3s do Oriente M\u00e9dio em Bari, no pr\u00f3ximo dia 7 de julho.<\/p>\n<p>\u00cdntegra do pronunciamento do Santo Padre em italiano:\u00a0https:\/\/is.gd\/GTcjVg. Em ingl\u00eas:https:\/\/is.gd\/2pZWLo<\/p>\n<\/div>\n<p>Fonte: R\u00e1dio Vaticano<\/p>\n","protected":false},"excerpt":{"rendered":"<p>\u201cAssiste-se a uma progressiva cegueira da f\u00e9 crist\u00e3, que n\u00e3o influencia mais nas escolhas individuais e nas decis\u00f5es p\u00fablicas&#8221;. S\u00e3o as palavras do Papa Francisco \u00e0 Delega\u00e7\u00e3o de representantes do Patriarcado de Constantinopla, vindos a Roma para a Solenidade dos Santos Ap\u00f3stolos Pedro e Paulo. Cidade do Vaticano O Papa Francisco recebeu na manh\u00e3 desta [&hellip;]<\/p>\n","protected":false},"author":1,"featured_media":41889,"comment_status":"open","ping_status":"closed","sticky":false,"template":"","format":"standard","meta":{"footnotes":""},"categories":[13],"tags":[],"class_list":["post-41887","post","type-post","status-publish","format-standard","has-post-thumbnail","hentry","category-featured"],"_links":{"self":[{"href":"https:\/\/catolicanet.net\/wp-cnet\/wp-json\/wp\/v2\/posts\/41887","targetHints":{"allow":["GET"]}}],"collection":[{"href":"https:\/\/catolicanet.net\/wp-cnet\/wp-json\/wp\/v2\/posts"}],"about":[{"href":"https:\/\/catolicanet.net\/wp-cnet\/wp-json\/wp\/v2\/types\/post"}],"author":[{"embeddable":true,"href":"https:\/\/catolicanet.net\/wp-cnet\/wp-json\/wp\/v2\/users\/1"}],"replies":[{"embeddable":true,"href":"https:\/\/catolicanet.net\/wp-cnet\/wp-json\/wp\/v2\/comments?post=41887"}],"version-history":[{"count":1,"href":"https:\/\/catolicanet.net\/wp-cnet\/wp-json\/wp\/v2\/posts\/41887\/revisions"}],"predecessor-version":[{"id":41890,"href":"https:\/\/catolicanet.net\/wp-cnet\/wp-json\/wp\/v2\/posts\/41887\/revisions\/41890"}],"wp:featuredmedia":[{"embeddable":true,"href":"https:\/\/catolicanet.net\/wp-cnet\/wp-json\/wp\/v2\/media\/41889"}],"wp:attachment":[{"href":"https:\/\/catolicanet.net\/wp-cnet\/wp-json\/wp\/v2\/media?parent=41887"}],"wp:term":[{"taxonomy":"category","embeddable":true,"href":"https:\/\/catolicanet.net\/wp-cnet\/wp-json\/wp\/v2\/categories?post=41887"},{"taxonomy":"post_tag","embeddable":true,"href":"https:\/\/catolicanet.net\/wp-cnet\/wp-json\/wp\/v2\/tags?post=41887"}],"curies":[{"name":"wp","href":"https:\/\/api.w.org\/{rel}","templated":true}]}}