{"id":41865,"date":"2018-06-28T09:23:33","date_gmt":"2018-06-28T12:23:33","guid":{"rendered":"http:\/\/catolicanet.net\/wp-cnet\/?p=41865"},"modified":"2018-06-28T09:27:00","modified_gmt":"2018-06-28T12:27:00","slug":"a-igreja-deve-anunciar-o-reino-de-deus","status":"publish","type":"post","link":"https:\/\/catolicanet.net\/wp-cnet\/a-igreja-deve-anunciar-o-reino-de-deus\/","title":{"rendered":"A Igreja deve anunciar o Reino de Deus"},"content":{"rendered":"<p><a href=\"http:\/\/jornalosp.arquisp.org.br\/colunista\/padre-jose-ulisses-leva\">Padre Jos\u00e9 Ulisses Leva<\/a><\/p>\n<p class=\"rtejustify\">\u201cDepois que Jo\u00e3o foi preso, Jesus veio para a Galileia, proclamando a Boa Nova de Deus: Completou-se o tempo, e o Reino de Deus est\u00e1 pr\u00f3ximo. Convertei-vos e crede na Boa Nova\u201d (Mc 1,14). Assim Cristo Jesus predica aos disc\u00edpulos de seu tempo e a n\u00f3s, disc\u00edpulos de todos os tempos. O Senhor nos convida e nos convoca a estar com Ele e nos aponta o Reino de Deus por Ele instaurado. Chama a cada um em particular para fazer parte da Fam\u00edlia de Deus, como seus disc\u00edpulos e disc\u00edpulas.<\/p>\n<p class=\"rtejustify\">\u201cNaqueles dias, apresentou-se Jo\u00e3o Batista, no deserto da Judeia, proclamando: Convertei-vos, pois o Reino dos C\u00e9us est\u00e1 pr\u00f3ximo\u201d (Mt 3,1-2). Quando entramos pela porta por meio do sacramento do Batismo, passamos a fazer parte da Igreja de Cristo Jesus. Somos restaurados e nos tornamos filhos e filhas de Deus, comprometidos com o seu Reino. Devemos proclamar as maravilhas do Reino de Deus em todos os <img decoding=\"async\" src=\"http:\/\/jornalosp.arquisp.org.br\/sites\/default\/files\/20_ilustracao.jpg\" alt=\"\" \/>lugares, a saber: casa, trabalho, escola, pra\u00e7as e ruas. \u201cIde, pois, aprender o que significa: Eu quero a miseric\u00f3rdia e n\u00e3o sacrif\u00edcios\u201d (Mt 9,13). Ide, pois, aprender o significado de miseric\u00f3rdia e transmiti-lo com alegria a todas as gentes.<\/p>\n<p class=\"rtejustify\">Tornamo-nos comprometidos quando conhecemos melhor a n\u00f3s\u00a0mesmos, nossas dificuldades e potencialidades. Estamos nos conhecendo aos poucos e estamos ainda longe de atingir o ideal de perfei\u00e7\u00e3o e santidade. Estamos a caminho do Reino de Deus &#8211; \u201cConvertei-vos, pois o Reino dos C\u00e9us est\u00e1 pr\u00f3ximo\u201d (Mt 4, 17), no caminho de Cristo Jesus: \u201cJesus, por\u00e9m, passando pelo meio deles, continuou o seu caminho\u201d (Lc 4,30). O Ap\u00f3stolo S\u00e3o Paulo adverte e exorta as comunidades crist\u00e3s: \u201cQuem se dedica a obras de miseric\u00f3rdia, fa\u00e7a-o com alegria\u201d (Rm 12, 8).<\/p>\n<p class=\"rtejustify\">Quando estamos ansiosos e tristonhos, quem e o que devemos procurar para responder \u00e0s nossas inquieta\u00e7\u00f5es? Quando percebemos\u00a0morosidade e passividade em nossas comunidades, quem e o que devemos apresentar para responder \u00e0s dificuldades das pessoas que comp\u00f5em a comunidade eclesial? Quando sentimos cansa\u00e7o e morbidez nas propostas pastorais da Igreja, quem e o que devemos sugerir para que nossos afazeres sejam motiva\u00e7\u00f5es de alegria e nossas atitudes sejam carregadas de esperan\u00e7a e confian\u00e7a? Se, portanto, buscamos solu\u00e7\u00e3o para as nossas tristezas, morosidade, passividade, cansa\u00e7o ou morbidez, certamente nossa resposta est\u00e1 na Boa Nova anunciada por Jesus Cristo.<\/p>\n<p class=\"rtejustify\">Devemos sempre pensar e agirem Deus. Na Sua infinita bondade, Ele nos ama e nos cerca de carinho. A cada um em particular, Deus concede miseric\u00f3rdia e derrama gra\u00e7a e benevol\u00eancia. Ningu\u00e9m deve ficar de fora da proposta misericordiosa do Alt\u00edssimo. Seja sempre inspiradora a Sagrada Escritura. \u201cTua Palavra \u00e9 l\u00e2mpada para os meus p\u00e9s, e a luz para o meu caminho\u201d (Sl 119,105). Busquemos nos Escritos Sagrados a fonte e o fundamento para nossa vida e os passos acertados para nossos anseios e nossas atitudes.<\/p>\n<p class=\"rtejustify\">Dom Odilo Pedro Scherer, Arcebispo Metreopolitano, tem insistido que a Igreja em S\u00e3o Paulo seja atenta aos sinais dos tempos e esteja presente junto aos clamores apontados pelo Papa Francisco no seu pontificado. Sentir com a Igreja nesse momento \u00e9 proclamar as maravilhas do Evangelho de Jesus Cristo com dedica\u00e7\u00e3o, entusiasmo e, sobretudo, com alegria. Devemos anunciar e apresentar os sinais presentes do Reino de Deus, mediante as obras de miseric\u00f3rdia a todas as pessoas, mormente as que mais padecem de carinho, sentem solid\u00e3o nas casas ou hospitais, ou quantas que vivem o abandono da fam\u00edlia ou mesmo da comunidade eclesial.<\/p>\n<p>&nbsp;<\/p>\n<p>Fonte: jornal O S\u00c3O PAULO.<\/p>\n","protected":false},"excerpt":{"rendered":"<p>Padre Jos\u00e9 Ulisses Leva \u201cDepois que Jo\u00e3o foi preso, Jesus veio para a Galileia, proclamando a Boa Nova de Deus: Completou-se o tempo, e o Reino de Deus est\u00e1 pr\u00f3ximo. Convertei-vos e crede na Boa Nova\u201d (Mc 1,14). Assim Cristo Jesus predica aos disc\u00edpulos de seu tempo e a n\u00f3s, disc\u00edpulos de todos os tempos. [&hellip;]<\/p>\n","protected":false},"author":1,"featured_media":41486,"comment_status":"open","ping_status":"closed","sticky":false,"template":"","format":"standard","meta":{"footnotes":""},"categories":[4],"tags":[],"class_list":["post-41865","post","type-post","status-publish","format-standard","has-post-thumbnail","hentry","category-cotidiano"],"_links":{"self":[{"href":"https:\/\/catolicanet.net\/wp-cnet\/wp-json\/wp\/v2\/posts\/41865","targetHints":{"allow":["GET"]}}],"collection":[{"href":"https:\/\/catolicanet.net\/wp-cnet\/wp-json\/wp\/v2\/posts"}],"about":[{"href":"https:\/\/catolicanet.net\/wp-cnet\/wp-json\/wp\/v2\/types\/post"}],"author":[{"embeddable":true,"href":"https:\/\/catolicanet.net\/wp-cnet\/wp-json\/wp\/v2\/users\/1"}],"replies":[{"embeddable":true,"href":"https:\/\/catolicanet.net\/wp-cnet\/wp-json\/wp\/v2\/comments?post=41865"}],"version-history":[{"count":3,"href":"https:\/\/catolicanet.net\/wp-cnet\/wp-json\/wp\/v2\/posts\/41865\/revisions"}],"predecessor-version":[{"id":41868,"href":"https:\/\/catolicanet.net\/wp-cnet\/wp-json\/wp\/v2\/posts\/41865\/revisions\/41868"}],"wp:featuredmedia":[{"embeddable":true,"href":"https:\/\/catolicanet.net\/wp-cnet\/wp-json\/wp\/v2\/media\/41486"}],"wp:attachment":[{"href":"https:\/\/catolicanet.net\/wp-cnet\/wp-json\/wp\/v2\/media?parent=41865"}],"wp:term":[{"taxonomy":"category","embeddable":true,"href":"https:\/\/catolicanet.net\/wp-cnet\/wp-json\/wp\/v2\/categories?post=41865"},{"taxonomy":"post_tag","embeddable":true,"href":"https:\/\/catolicanet.net\/wp-cnet\/wp-json\/wp\/v2\/tags?post=41865"}],"curies":[{"name":"wp","href":"https:\/\/api.w.org\/{rel}","templated":true}]}}