{"id":41843,"date":"2018-06-27T09:01:33","date_gmt":"2018-06-27T12:01:33","guid":{"rendered":"http:\/\/catolicanet.net\/wp-cnet\/?p=41843"},"modified":"2018-06-27T09:01:33","modified_gmt":"2018-06-27T12:01:33","slug":"papa-francisco-nomeia-coadjutor-para-nova-iguacu-rj","status":"publish","type":"post","link":"https:\/\/catolicanet.net\/wp-cnet\/papa-francisco-nomeia-coadjutor-para-nova-iguacu-rj\/","title":{"rendered":"Papa Francisco nomeia coadjutor para Nova Igua\u00e7u (RJ)"},"content":{"rendered":"<p>O papa Francisco acolheu ao pedido do bispo da diocese de Nova Igua\u00e7u, dom Luciano Bergamin, de poder contar com a colabora\u00e7\u00e3o de um coadjutor e nomeou nesta quarta-feira, 27, dom Gilson Andrade da Silva, transferindo-o do of\u00edcio de auxiliar da arquidiocese de Salvador, na Bahia. A not\u00edcia foi comunicada pela Nunciatura Apost\u00f3lica no Brasil e publicada no Jornal \u201cL\u2019Osservatore Romano\u201d, \u00e0s 12h de Roma.<\/p>\n<p><strong>Biografia<\/strong><\/p>\n<p>Nascido no dia 11 de setembro de 1966, no Rio de Janeiro (RJ), dom Gilson Andrade da Silva recebeu a ordena\u00e7\u00e3o sacerdotal em 4 de agosto de 1991, na Catedral de Petr\u00f3polis (RJ). Entre os anos de 1985 e 1987 cursou Filosofia no Semin\u00e1rio Diocesano Nossa Senhora do Amor Divino. Foi aluno do Col\u00e9gio Eclesi\u00e1stico Internacional Bidasoa (Pamplona \u2013 Espanha), onde fez o curso de bacharelado em Sagrada Teologia na Universidade de Navarra (Espanha), entre 1988 e 1991. \u00c9 licenciado em Sagrada Teologia pela Pontif\u00edcia Universit\u00e0 della Santa Croce (Roma \u2013 1997-1999).<\/p>\n<p>Foi vice-reitor do Semin\u00e1rio Diocesano Nossa Senhora do Amor Divino (diocese de Petr\u00f3polis) de 1991 a 1997 e de 1999 a 2004, onde tamb\u00e9m foi professor. Ainda na cidade de Petr\u00f3polis, assumiu como vig\u00e1rio paroquial a Par\u00f3quia de Sant\u2019Ana e S\u00e3o Joaquim entre 1991 e 1994. No ano de 2000 assumiu como professor o curso de Teologia e Filosofia na Universidade Cat\u00f3lica de Petr\u00f3polis. Em 2004 tornou-se membro do Conselho Pastoral Diocesano e em 2005 membro da Equipe de Coordena\u00e7\u00e3o Diocesana do Plano Pastoral de Conjunto e da Miss\u00e3o Popular.<\/p>\n<p>Entre os anos de 2004 e 2005, foi diretor do Instituto de Teologia, Filosofia e Ci\u00eancias Humanas na Universidade Cat\u00f3lica de Petr\u00f3polis. Tamb\u00e9m no ano de 2004 foi reitor do Semin\u00e1rio Diocesano de Petr\u00f3polis e coordenador da Pastoral da Juventude da Diocese de Petr\u00f3polis. A partir de 2006 tornou-se membro do Col\u00e9gio de Consultores; e presidente da Associa\u00e7\u00e3o Mantenedora das Faculdades Cat\u00f3licas Petropolitanas (UCP), em 2008.<\/p>\n<p>Em 2011, foi nomeado pelo papa Bento XVI como bispo auxiliar da arquidiocese de Salvador. A ordena\u00e7\u00e3o episcopal aconteceu no dia 24 de setembro, em Petr\u00f3polis. A posse em Salvador aconteceu no dia 10 de outubro, na Catedral Bas\u00edlica, localizada no Terreiro de Jesus.<\/p>\n<p><strong>Sauda\u00e7\u00e3o<\/strong><\/p>\n<p>A Confer\u00eancia Nacional dos Bispos do Brasil (CNBB) divulgou sauda\u00e7\u00e3o a dom Gilson Andrade da Silva. O texto \u00e9 assinado pelo secret\u00e1rio-geral da entidade, dom Leonardo Steiner. Confira, abaixo, a sauda\u00e7\u00e3o na \u00edntegra:<\/p>\n<p>&nbsp;<\/p>\n<p><strong>Sauda\u00e7\u00e3o da CNBB a dom Gilson Andrade da Silva<\/strong><\/p>\n<p>&nbsp;<\/p>\n<p>Bras\u00edlia, 27 de junho de 2018<\/p>\n<p><em>Prezado Irm\u00e3o, dom Gilson Andrade da Silva.<\/em><\/p>\n<p><em>A Confer\u00eancia Nacional dos Bispos do Brasil (CNBB) manifesta alegria pela sua nomea\u00e7\u00e3o, feita pelo Papa Francisco, como bispo coadjutor da Diocese de Nova Igua\u00e7u (RJ), transferindo-o do of\u00edcio de Auxiliar da Arquidiocese de S\u00e3o Salvador da Bahia.<\/em><\/p>\n<p><em>Desde 2011, o senhor vem realizando seu minist\u00e9rio episcopal de forma generosa e exemplar. O Santo Padre, agora, pede que o senhor abrace uma nova miss\u00e3o. Desejamos que esse novo trabalho traga alegria e que produza muitos frutos para o bem do Povo de Deus.<\/em><\/p>\n<p><em>Buscamos as palavras do Papa Francisco pronunciadas por ocasi\u00e3o da \u00faltima visita Ad Limina Apostolorum dos bispos portugueses do para saudar sua nomea\u00e7\u00e3o: \u201cJesus disse: \u2018Quem cr\u00ea em Mim tamb\u00e9m far\u00e1 as obras que Eu realizo\u2019 (Jo14, 12), n\u00e3o obstante a nossa total indignidade, apesar da nossa fraqueza humana. Tamb\u00e9m os Ap\u00f3stolos eram homens fracos. Tamb\u00e9m Pedro era homem fraco. Seja, portanto, um esfor\u00e7o de colabora\u00e7\u00e3o, isto \u00e9, da Igreja inteira, porque foi \u00e0 Igreja que o Senhor assegurou a sua constante presen\u00e7a e a sua infal\u00edvel assist\u00eancia\u201d.<\/em><\/p>\n<p><em>Seu lema episcopal \u201cIn Verbo Tuo\u201d (Por causa da tua Palavra) traz uma refer\u00eancia absoluta da miss\u00e3o que abra\u00e7amos, pois nos traz a afirma\u00e7\u00e3o de confian\u00e7a que nos leva a uma oportuna renova\u00e7\u00e3o da nossa esperan\u00e7a: \u201cQuando acabou de falar, disse a Sim\u00e3o: Faze-te ao largo, e lan\u00e7ai as vossas redes para pescar. Sim\u00e3o respondeu-lhe: Mestre, trabalhamos a noite inteira e nada apanhamos; mas por causa de tua palavra, lan\u00e7arei a rede. Feito isto, apanharam peixes em tanta quantidade, que a rede se lhes rompia\u201d (Lc 5,4-6).<br \/>\n<\/em><\/p>\n<p><em>Renovamos a nossa solidariedade e o abra\u00e7amos com afeto fraternal.<\/em><\/p>\n<p><em>Em Cristo,<\/em><\/p>\n<p><strong>Dom Leonardo Ulrich Steiner<br \/>\n<\/strong>Secret\u00e1rio-Geral da CNBB<\/p>\n<p>&nbsp;<\/p>\n<p>Fonte: CNBB<\/p>\n","protected":false},"excerpt":{"rendered":"<p>O papa Francisco acolheu ao pedido do bispo da diocese de Nova Igua\u00e7u, dom Luciano Bergamin, de poder contar com a colabora\u00e7\u00e3o de um coadjutor e nomeou nesta quarta-feira, 27, dom Gilson Andrade da Silva, transferindo-o do of\u00edcio de auxiliar da arquidiocese de Salvador, na Bahia. A not\u00edcia foi comunicada pela Nunciatura Apost\u00f3lica no Brasil [&hellip;]<\/p>\n","protected":false},"author":1,"featured_media":41844,"comment_status":"open","ping_status":"closed","sticky":false,"template":"","format":"standard","meta":{"footnotes":""},"categories":[7],"tags":[],"class_list":["post-41843","post","type-post","status-publish","format-standard","has-post-thumbnail","hentry","category-cnbb"],"_links":{"self":[{"href":"https:\/\/catolicanet.net\/wp-cnet\/wp-json\/wp\/v2\/posts\/41843","targetHints":{"allow":["GET"]}}],"collection":[{"href":"https:\/\/catolicanet.net\/wp-cnet\/wp-json\/wp\/v2\/posts"}],"about":[{"href":"https:\/\/catolicanet.net\/wp-cnet\/wp-json\/wp\/v2\/types\/post"}],"author":[{"embeddable":true,"href":"https:\/\/catolicanet.net\/wp-cnet\/wp-json\/wp\/v2\/users\/1"}],"replies":[{"embeddable":true,"href":"https:\/\/catolicanet.net\/wp-cnet\/wp-json\/wp\/v2\/comments?post=41843"}],"version-history":[{"count":1,"href":"https:\/\/catolicanet.net\/wp-cnet\/wp-json\/wp\/v2\/posts\/41843\/revisions"}],"predecessor-version":[{"id":41845,"href":"https:\/\/catolicanet.net\/wp-cnet\/wp-json\/wp\/v2\/posts\/41843\/revisions\/41845"}],"wp:featuredmedia":[{"embeddable":true,"href":"https:\/\/catolicanet.net\/wp-cnet\/wp-json\/wp\/v2\/media\/41844"}],"wp:attachment":[{"href":"https:\/\/catolicanet.net\/wp-cnet\/wp-json\/wp\/v2\/media?parent=41843"}],"wp:term":[{"taxonomy":"category","embeddable":true,"href":"https:\/\/catolicanet.net\/wp-cnet\/wp-json\/wp\/v2\/categories?post=41843"},{"taxonomy":"post_tag","embeddable":true,"href":"https:\/\/catolicanet.net\/wp-cnet\/wp-json\/wp\/v2\/tags?post=41843"}],"curies":[{"name":"wp","href":"https:\/\/api.w.org\/{rel}","templated":true}]}}