{"id":41839,"date":"2018-06-28T10:52:45","date_gmt":"2018-06-28T13:52:45","guid":{"rendered":"http:\/\/catolicanet.net\/wp-cnet\/?p=41839"},"modified":"2018-06-28T10:56:25","modified_gmt":"2018-06-28T13:56:25","slug":"implantacao-da-infancia-e-adolescencia-missionaria","status":"publish","type":"post","link":"https:\/\/catolicanet.net\/wp-cnet\/implantacao-da-infancia-e-adolescencia-missionaria\/","title":{"rendered":"Implanta\u00e7\u00e3o da Inf\u00e2ncia e Adolesc\u00eancia Mission\u00e1ria"},"content":{"rendered":"<p><strong>Par\u00f3quia Nossa Senhora Aparecida \u2013 Setor Graja\u00fa<\/strong><\/p>\n<p><img loading=\"lazy\" decoding=\"async\" class=\"size-medium wp-image-41878 alignright\" src=\"http:\/\/catolicanet.net\/wp-cnet\/wp-content\/uploads\/IMG-20180625-WA0031-300x225.jpg\" alt=\"\" width=\"300\" height=\"225\" srcset=\"https:\/\/catolicanet.net\/wp-cnet\/wp-content\/uploads\/IMG-20180625-WA0031-300x225.jpg 300w, https:\/\/catolicanet.net\/wp-cnet\/wp-content\/uploads\/IMG-20180625-WA0031-768x576.jpg 768w, https:\/\/catolicanet.net\/wp-cnet\/wp-content\/uploads\/IMG-20180625-WA0031-1024x768.jpg 1024w, https:\/\/catolicanet.net\/wp-cnet\/wp-content\/uploads\/IMG-20180625-WA0031-600x450.jpg 600w, https:\/\/catolicanet.net\/wp-cnet\/wp-content\/uploads\/IMG-20180625-WA0031-80x60.jpg 80w, https:\/\/catolicanet.net\/wp-cnet\/wp-content\/uploads\/IMG-20180625-WA0031-265x198.jpg 265w, https:\/\/catolicanet.net\/wp-cnet\/wp-content\/uploads\/IMG-20180625-WA0031-696x522.jpg 696w, https:\/\/catolicanet.net\/wp-cnet\/wp-content\/uploads\/IMG-20180625-WA0031-560x420.jpg 560w, https:\/\/catolicanet.net\/wp-cnet\/wp-content\/uploads\/IMG-20180625-WA0031.jpg 1032w\" sizes=\"auto, (max-width: 300px) 100vw, 300px\" \/>Neste domingo, 24 de junho, foi realizada na Par\u00f3quia Nossa Senhora aparecida, Setor Graja\u00fa de nossa Diocese de Santo Amaro uma tarde mission\u00e1ria, com a conclus\u00e3o do processo de Implanta\u00e7\u00e3o da IAM (Inf\u00e2ncia e Adolesc\u00eancia Mission\u00e1ria).<\/p>\n<p>O Conselho Mission\u00e1rio Diocesano, acolheu o pedido do P\u00e1roco, Pe. Francisco aparecido Silveira (Pe. Chic\u00e3o), que com seu grande esp\u00edrito mission\u00e1rio calorosamente acolheu e apoiou a Equipe Mission\u00e1ria da Inf\u00e2ncia e Adolesc\u00eancia Mission\u00e1ria, que depois de seguir todos os passos de forma\u00e7\u00e3o mission\u00e1ria, preparando o casal de assessores, Andresa e F\u00e1bio, Seminarista da Consolata, Ambr\u00f3sio. Com uma maravilhosa tarde mission\u00e1ria, carinhosamente preparada pela par\u00f3quia, finalmente iniciou em nossa diocese mais um grupo de crian\u00e7as mission\u00e1rias da IAM.<\/p>\n<p>O COMIDI da Diocese de Santo Amaro agradece Pe. Chic\u00e3o pela sua acolhida, apoio nas atividades mission\u00e1rias, expressando sua comunh\u00e3o ao pedido da Igreja de sermos uma Igreja em sa\u00edda. A Juventude Mission\u00e1ria da Par\u00f3quia S\u00e3o Carlos Borromeu, assessorou a implanta\u00e7\u00e3o em todo seu processo colocando se a servi\u00e7o da Miss\u00e3o!<\/p>\n<p>O COMIDI agradece a todos e particularmente a Par\u00f3quia Nossa Senhora Aparecida<\/p>\n<p>Que o espirito da IAM. \u201cDe todas as crian\u00e7as do Mundo sempre amigos\u201d possa crescer cada vez mais com outras par\u00f3quias que acolham esta Obra Pontif\u00edcia, que neste ano completa 175 anos de servi\u00e7o \u00e0 Miss\u00e3o!<\/p>\n<p>&nbsp;<\/p>\n<p>Fonte: Catolicanet<\/p>\n","protected":false},"excerpt":{"rendered":"<p>Par\u00f3quia Nossa Senhora Aparecida \u2013 Setor Graja\u00fa Neste domingo, 24 de junho, foi realizada na Par\u00f3quia Nossa Senhora aparecida, Setor Graja\u00fa de nossa Diocese de Santo Amaro uma tarde mission\u00e1ria, com a conclus\u00e3o do processo de Implanta\u00e7\u00e3o da IAM (Inf\u00e2ncia e Adolesc\u00eancia Mission\u00e1ria). O Conselho Mission\u00e1rio Diocesano, acolheu o pedido do P\u00e1roco, Pe. Francisco aparecido [&hellip;]<\/p>\n","protected":false},"author":1,"featured_media":41840,"comment_status":"open","ping_status":"closed","sticky":false,"template":"","format":"standard","meta":{"footnotes":""},"categories":[4,13],"tags":[],"class_list":["post-41839","post","type-post","status-publish","format-standard","has-post-thumbnail","hentry","category-cotidiano","category-featured"],"_links":{"self":[{"href":"https:\/\/catolicanet.net\/wp-cnet\/wp-json\/wp\/v2\/posts\/41839","targetHints":{"allow":["GET"]}}],"collection":[{"href":"https:\/\/catolicanet.net\/wp-cnet\/wp-json\/wp\/v2\/posts"}],"about":[{"href":"https:\/\/catolicanet.net\/wp-cnet\/wp-json\/wp\/v2\/types\/post"}],"author":[{"embeddable":true,"href":"https:\/\/catolicanet.net\/wp-cnet\/wp-json\/wp\/v2\/users\/1"}],"replies":[{"embeddable":true,"href":"https:\/\/catolicanet.net\/wp-cnet\/wp-json\/wp\/v2\/comments?post=41839"}],"version-history":[{"count":3,"href":"https:\/\/catolicanet.net\/wp-cnet\/wp-json\/wp\/v2\/posts\/41839\/revisions"}],"predecessor-version":[{"id":41881,"href":"https:\/\/catolicanet.net\/wp-cnet\/wp-json\/wp\/v2\/posts\/41839\/revisions\/41881"}],"wp:featuredmedia":[{"embeddable":true,"href":"https:\/\/catolicanet.net\/wp-cnet\/wp-json\/wp\/v2\/media\/41840"}],"wp:attachment":[{"href":"https:\/\/catolicanet.net\/wp-cnet\/wp-json\/wp\/v2\/media?parent=41839"}],"wp:term":[{"taxonomy":"category","embeddable":true,"href":"https:\/\/catolicanet.net\/wp-cnet\/wp-json\/wp\/v2\/categories?post=41839"},{"taxonomy":"post_tag","embeddable":true,"href":"https:\/\/catolicanet.net\/wp-cnet\/wp-json\/wp\/v2\/tags?post=41839"}],"curies":[{"name":"wp","href":"https:\/\/api.w.org\/{rel}","templated":true}]}}