{"id":41836,"date":"2018-06-26T13:15:44","date_gmt":"2018-06-26T16:15:44","guid":{"rendered":"http:\/\/catolicanet.net\/wp-cnet\/?p=41836"},"modified":"2018-06-26T13:20:19","modified_gmt":"2018-06-26T16:20:19","slug":"emmanuel-macron-recebido-em-audiencia-pelo-papa-francisco","status":"publish","type":"post","link":"https:\/\/catolicanet.net\/wp-cnet\/emmanuel-macron-recebido-em-audiencia-pelo-papa-francisco\/","title":{"rendered":"Emmanuel Macron recebido em audi\u00eancia pelo Papa Francisco"},"content":{"rendered":"<div class=\"article__subTitle\">O Papa Francisco recebeu em audi\u00eancia o presidente franc\u00eas na biblioteca do Pal\u00e1cio Apost\u00f3lico. O que foi mais surpreendente foi a longa dura\u00e7\u00e3o do encontro: quase uma hora sozinhos, na presen\u00e7a de um int\u00e9rprete.<\/div>\n<div class=\"title__separator\"><\/div>\n<div class=\"article__text\">\n<p><b>Cidade do Vaticano<\/b><\/p>\n<p>O Santo Padre recebeu em audi\u00eancia na manh\u00e3 desta ter\u00e7a-feira, 26, o presidente da Rep\u00fablica da Fran\u00e7a, Sr. Emmanuel Macron, que sucessivamente encontrou o cardeal secret\u00e1rio de Estado, Pietro Parolin, acompanhado do secret\u00e1rio para as Rela\u00e7\u00f5es com os Estados, Dom Paul Richard Gallagher.<\/p>\n<p>No decorrer dos cordiais col\u00f3quios, foram destacadas as boas rela\u00e7\u00f5es bilaterais entre a Santa S\u00e9 e a Fran\u00e7a, assim como a contribui\u00e7\u00e3o das religi\u00f5es para a promo\u00e7\u00e3o do bem comum do pa\u00eds, com particular refer\u00eancia ao compromisso da Igreja.<\/p>\n<p>Foram tratados quest\u00f5es globais de interesse compartilhado, como a prote\u00e7\u00e3o do ambiente, as migra\u00e7\u00f5es e o compromisso multilateral para a preven\u00e7\u00e3o e a resolu\u00e7\u00e3o dos conflitos, especialmente em rela\u00e7\u00e3o ao desarmamento.<\/p>\n<p>A conversa, ademais, permitiu uma troca de avalia\u00e7\u00f5es sobre situa\u00e7\u00f5es de conflito, em particular no Oriente M\u00e9dio e na \u00c1frica. Por fim, n\u00e3o faltou uma reflex\u00e3o conjunta sobre a perspectiva do projeto europeu.<\/p>\n<\/div>\n<p>&nbsp;<\/p>\n<p>Fonte: R\u00e1dio Vaticano<\/p>\n","protected":false},"excerpt":{"rendered":"<p>O Papa Francisco recebeu em audi\u00eancia o presidente franc\u00eas na biblioteca do Pal\u00e1cio Apost\u00f3lico. O que foi mais surpreendente foi a longa dura\u00e7\u00e3o do encontro: quase uma hora sozinhos, na presen\u00e7a de um int\u00e9rprete. Cidade do Vaticano O Santo Padre recebeu em audi\u00eancia na manh\u00e3 desta ter\u00e7a-feira, 26, o presidente da Rep\u00fablica da Fran\u00e7a, Sr. [&hellip;]<\/p>\n","protected":false},"author":1,"featured_media":41837,"comment_status":"open","ping_status":"closed","sticky":false,"template":"","format":"standard","meta":{"footnotes":""},"categories":[3],"tags":[],"class_list":["post-41836","post","type-post","status-publish","format-standard","has-post-thumbnail","hentry","category-vaticano"],"_links":{"self":[{"href":"https:\/\/catolicanet.net\/wp-cnet\/wp-json\/wp\/v2\/posts\/41836","targetHints":{"allow":["GET"]}}],"collection":[{"href":"https:\/\/catolicanet.net\/wp-cnet\/wp-json\/wp\/v2\/posts"}],"about":[{"href":"https:\/\/catolicanet.net\/wp-cnet\/wp-json\/wp\/v2\/types\/post"}],"author":[{"embeddable":true,"href":"https:\/\/catolicanet.net\/wp-cnet\/wp-json\/wp\/v2\/users\/1"}],"replies":[{"embeddable":true,"href":"https:\/\/catolicanet.net\/wp-cnet\/wp-json\/wp\/v2\/comments?post=41836"}],"version-history":[{"count":1,"href":"https:\/\/catolicanet.net\/wp-cnet\/wp-json\/wp\/v2\/posts\/41836\/revisions"}],"predecessor-version":[{"id":41838,"href":"https:\/\/catolicanet.net\/wp-cnet\/wp-json\/wp\/v2\/posts\/41836\/revisions\/41838"}],"wp:featuredmedia":[{"embeddable":true,"href":"https:\/\/catolicanet.net\/wp-cnet\/wp-json\/wp\/v2\/media\/41837"}],"wp:attachment":[{"href":"https:\/\/catolicanet.net\/wp-cnet\/wp-json\/wp\/v2\/media?parent=41836"}],"wp:term":[{"taxonomy":"category","embeddable":true,"href":"https:\/\/catolicanet.net\/wp-cnet\/wp-json\/wp\/v2\/categories?post=41836"},{"taxonomy":"post_tag","embeddable":true,"href":"https:\/\/catolicanet.net\/wp-cnet\/wp-json\/wp\/v2\/tags?post=41836"}],"curies":[{"name":"wp","href":"https:\/\/api.w.org\/{rel}","templated":true}]}}