{"id":41802,"date":"2018-06-25T14:57:04","date_gmt":"2018-06-25T17:57:04","guid":{"rendered":"http:\/\/catolicanet.net\/wp-cnet\/?p=41802"},"modified":"2018-06-25T14:57:04","modified_gmt":"2018-06-25T17:57:04","slug":"minoria-catolica-na-peninsula-arabica-tera-uma-catedral-dedicada-a-virgem-maria","status":"publish","type":"post","link":"https:\/\/catolicanet.net\/wp-cnet\/minoria-catolica-na-peninsula-arabica-tera-uma-catedral-dedicada-a-virgem-maria\/","title":{"rendered":"Minoria cat\u00f3lica na pen\u00ednsula ar\u00e1bica ter\u00e1 uma catedral dedicada \u00e0 Virgem Maria"},"content":{"rendered":"<p>No \u00faltimo dia 10 de junho, foi colocada a pedra fundamental da Catedral de Nossa Senhora da Ar\u00e1bia, na cidade de Awali (Bahrein).<\/p>\n<p>Segundo informa\u00e7\u00f5es a Funda\u00e7\u00e3o Pontif\u00edcia Ajuda \u00e0 <a href=\"https:\/\/www.acidigital.com\/igreja\/index.html\">Igreja<\/a> que Sofre (ACN), esta ser\u00e1 a sede da Igreja na pen\u00ednsula do norte da Ar\u00e1bia.<\/p>\n<p>O projeto de constru\u00e7\u00e3o desta catedral come\u00e7ou em 11 de fevereiro de 2013, quando o rei do Bahrein, Hamad Bin Isa Al Khalifa, doou \u00e0 comunidade cat\u00f3lica um terreno de nove mil metros quadrados para construir uma nova igreja.<\/p>\n<p>A constru\u00e7\u00e3o depende de muitos fatores e est\u00e1 sendo realizada gra\u00e7as \u00e0 perseveran\u00e7a e boa vontade dos fi\u00e9is e das autoridades locais. Entretanto, a obten\u00e7\u00e3o de fundos sempre \u00e9 complicada.<\/p>\n<p>A Ajuda \u00e0 Igreja que Sofre (ACN) est\u00e1 colaborando ativamente na constru\u00e7\u00e3o da catedral e \u00e9 um dos principais doadores.<\/p>\n<p>Pe. Andrzej Halemba, respons\u00e1vel pelo projeto por parte da ACN, esteve presente na cerim\u00f4nia do in\u00edcio das obras e assegurou que foi um acontecimento memor\u00e1vel ver como a catedral d\u00e1 um passo a mais para se tornar realidade.<\/p>\n<p>O sacerdote sublinhou que \u201cfoi um momento de muita alegria\u201d e tamb\u00e9m \u201cum momento para rezar, um encontro profundamente espiritual e um momento para depositar a nossa confian\u00e7a no Senhor. Na Liturgia da Palavra, rezamos pelo pa\u00eds e pelas pessoas que vivem aqui\u201d.<\/p>\n<p>Entretanto, o projeto ainda precisa de mais dinheiro, muitos crentes no Bahrein contribu\u00edram com uma grande parte dos fundos, apesar de seus escassos recursos, para que a catedral finalmente se torne realidade.<\/p>\n<p>A ACN sublinhou que a Catedral de Nossa Senhora da Ar\u00e1bia ser\u00e1 um edif\u00edcio que n\u00e3o s\u00f3 responder\u00e1 \u00e0s necessidades espirituais dos crentes \u2013 no total, uma popula\u00e7\u00e3o de aproximadamente 5 milh\u00f5es de pessoas nos quatro pa\u00edses do Vicariato Apost\u00f3lico \u2013, mas tamb\u00e9m ter\u00e1 um pr\u00e9dio adjacente para eventos sociais e educacionais.<\/p>\n<p>Esta \u00e9 uma necessidade muito importante para os cat\u00f3licos \u201clocais\u201d, um grupo formado principalmente por imigrantes da \u00cdndia, das Filipinas e de Bangladesh que trabalham como diaristas e empregados dom\u00e9sticos para apoiar as fam\u00edlias que deixaram para tr\u00e1s em seus pa\u00edses.<\/p>\n<p>\u201cNo Bahrein, a situa\u00e7\u00e3o n\u00e3o \u00e9 t\u00e3o ruim, o pior que pode acontecer \u00e9 a tenta\u00e7\u00e3o de explorar os trabalhadores que v\u00eam para c\u00e1. \u00c0s vezes, os imigrantes s\u00e3o obrigados a trabalhar em condi\u00e7\u00f5es extremas, como em maio, com mais de 47 graus Celsius\u201d, destacou Pe. Halemba.<\/p>\n<p>Os cat\u00f3licos nesses territ\u00f3rios s\u00e3o uma minoria religiosa e \u00e9tnica, por isso, geralmente s\u00e3o discriminados e t\u00eam desvantagens em suas condi\u00e7\u00f5es de trabalho.<\/p>\n<p>Por isso, o sacerdote sublinhou que est\u00e3o \u201coferecendo aulas de ingl\u00eas e cursos para sensibilizar os imigrantes sobre a cultura local. Isto \u00e9 muito importante para as pessoas que v\u00eam trabalhar, porque facilita a sua estadia aqui, longe de suas casas\u201d.<\/p>\n<p>Al\u00e9m disso, indicou que conhecer a cultura \u00e9 absolutamente necess\u00e1rio para a sua seguran\u00e7a, pois podem \u201ccorrer perigo se n\u00e3o forem conscientes da cultura e se, sem querer, se comportarem de uma maneira que ofenda a popula\u00e7\u00e3o local\u201d.<\/p>\n<p>Na cerim\u00f4nia em que foi colocada a pedra fundamental da catedral, estiveram presentes os representantes do Bahrein, Kuwait, Catar e Ar\u00e1bia Saudita, que formam o Vicariato Apost\u00f3lico da Ar\u00e1bia do Norte.<\/p>\n<p>Tamb\u00e9m participaram da cerim\u00f4nia um representante do rei do Bahrein, o N\u00fancio Apost\u00f3lico, Dom Francisco Montecillo Padilla, e o Bispo do Vicariato Apost\u00f3lico, Dom Camillo Ballin, assim como os embaixadores da It\u00e1lia e da Fran\u00e7a.<\/p>\n<p>&nbsp;<\/p>\n<p>Fonte: Acidigital<\/p>\n","protected":false},"excerpt":{"rendered":"<p>No \u00faltimo dia 10 de junho, foi colocada a pedra fundamental da Catedral de Nossa Senhora da Ar\u00e1bia, na cidade de Awali (Bahrein). Segundo informa\u00e7\u00f5es a Funda\u00e7\u00e3o Pontif\u00edcia Ajuda \u00e0 Igreja que Sofre (ACN), esta ser\u00e1 a sede da Igreja na pen\u00ednsula do norte da Ar\u00e1bia. O projeto de constru\u00e7\u00e3o desta catedral come\u00e7ou em 11 [&hellip;]<\/p>\n","protected":false},"author":1,"featured_media":41803,"comment_status":"open","ping_status":"closed","sticky":false,"template":"","format":"standard","meta":{"footnotes":""},"categories":[4],"tags":[],"class_list":["post-41802","post","type-post","status-publish","format-standard","has-post-thumbnail","hentry","category-cotidiano"],"_links":{"self":[{"href":"https:\/\/catolicanet.net\/wp-cnet\/wp-json\/wp\/v2\/posts\/41802","targetHints":{"allow":["GET"]}}],"collection":[{"href":"https:\/\/catolicanet.net\/wp-cnet\/wp-json\/wp\/v2\/posts"}],"about":[{"href":"https:\/\/catolicanet.net\/wp-cnet\/wp-json\/wp\/v2\/types\/post"}],"author":[{"embeddable":true,"href":"https:\/\/catolicanet.net\/wp-cnet\/wp-json\/wp\/v2\/users\/1"}],"replies":[{"embeddable":true,"href":"https:\/\/catolicanet.net\/wp-cnet\/wp-json\/wp\/v2\/comments?post=41802"}],"version-history":[{"count":1,"href":"https:\/\/catolicanet.net\/wp-cnet\/wp-json\/wp\/v2\/posts\/41802\/revisions"}],"predecessor-version":[{"id":41804,"href":"https:\/\/catolicanet.net\/wp-cnet\/wp-json\/wp\/v2\/posts\/41802\/revisions\/41804"}],"wp:featuredmedia":[{"embeddable":true,"href":"https:\/\/catolicanet.net\/wp-cnet\/wp-json\/wp\/v2\/media\/41803"}],"wp:attachment":[{"href":"https:\/\/catolicanet.net\/wp-cnet\/wp-json\/wp\/v2\/media?parent=41802"}],"wp:term":[{"taxonomy":"category","embeddable":true,"href":"https:\/\/catolicanet.net\/wp-cnet\/wp-json\/wp\/v2\/categories?post=41802"},{"taxonomy":"post_tag","embeddable":true,"href":"https:\/\/catolicanet.net\/wp-cnet\/wp-json\/wp\/v2\/tags?post=41802"}],"curies":[{"name":"wp","href":"https:\/\/api.w.org\/{rel}","templated":true}]}}