{"id":41799,"date":"2018-06-25T14:52:40","date_gmt":"2018-06-25T17:52:40","guid":{"rendered":"http:\/\/catolicanet.net\/wp-cnet\/?p=41799"},"modified":"2018-06-25T14:52:40","modified_gmt":"2018-06-25T17:52:40","slug":"a-familia-e-o-santuario-da-vida-afirma-o-papa-francisco","status":"publish","type":"post","link":"https:\/\/catolicanet.net\/wp-cnet\/a-familia-e-o-santuario-da-vida-afirma-o-papa-francisco\/","title":{"rendered":"A fam\u00edlia \u00e9 o santu\u00e1rio da vida, afirma o Papa Francisco"},"content":{"rendered":"<p>O Papa Francisco recordou novamente a import\u00e2ncia da fam\u00edlia, pois \u00e9 \u201cum santu\u00e1rio da <a href=\"https:\/\/www.acidigital.com\/vida\/index.html\">vida<\/a>\u201d, e assinalou que \u201cna gesta\u00e7\u00e3o de um filho os pais agem como colaboradores de Deus\u201d.<\/p>\n<p>Antes da ora\u00e7\u00e3o do \u00c2ngelus neste domingo, 24 de junho, dia em que a <a href=\"https:\/\/www.acidigital.com\/igreja\/index.html\">Igreja<\/a> celebra a Natividade de S\u00e3o Jo\u00e3o Batista, o Santo Padre destacou como o nascimento do primo de Jesus \u201ciluminou a vida de seus pais Isabel e Zacarias, e envolveu os parentes e vizinhos na alegria e estupor\u201d.<\/p>\n<p>\u201cEsses pais idosos sonharam e prepararam aquele dia, mas agora n\u00e3o o esperavam mais. Sentiam-se exclu\u00eddos, humilhados e desiludidos: n\u00e3o tinham filhos\u201d. Ent\u00e3o, \u201cdiante do an\u00fancio do nascimento de um filho, Zacarias ficou incr\u00e9dulo, porque as leis naturais n\u00e3o o permitiam: eram idosos. Consequentemente, o Senhor o tornou mudo durante todo o tempo da gesta\u00e7\u00e3o\u201d.<\/p>\n<p>Dessa rea\u00e7\u00e3o de Zacarias e do fato de ter ficado mudo, o Papa tirou uma li\u00e7\u00e3o: \u201cDeus n\u00e3o depende de nossas l\u00f3gicas e capacidades humanas limitadas. \u00c9 preciso aprender a confiar e a se calar diante do mist\u00e9rio de Deus e a contemplar na humildade e no sil\u00eancio a sua obra, que se revela na hist\u00f3ria e que muitas vezes supera a nossa imagina\u00e7\u00e3o\u201d.<\/p>\n<p>\u201cO nascimento de Jo\u00e3o Batista \u00e9 circundado de uma sensa\u00e7\u00e3o alegre de estupor, surpresa e gratid\u00e3o. As pessoas ficaram tomadas pelo temor santo de Deus, e \u2018a not\u00edcia espalhou-se por toda a regi\u00e3o montanhosa da Judeia\u2019, diz o Evangelho\u201d.<\/p>\n<p>\u201cO povo fiel \u2013 observou o Papa \u2013 entende que aconteceu algo de grande, embora humilde e escondido, e se pergunta: \u2018O que vir\u00e1 a ser este menino?\u2019\u201d.<\/p>\n<p>Diante desse estupor, dessa surpresa e dessa gratid\u00e3o, Francisco convidou a fazer um exame de consci\u00eancia e se perguntar: \u201ccomo anda a minha f\u00e9? \u00c9 uma f\u00e9 alegre ou uma f\u00e9 sempre igual, uma f\u00e9 plana? Fico surpreso quando vejo as obras do Senhor, quando ou\u00e7o falar de evangeliza\u00e7\u00e3o ou da vida de um santo, ou quando vejo muitas pessoas boas: sinto a gra\u00e7a dentro ou nada se mexe dentro do meu cora\u00e7\u00e3o? Sinto o consolo do Esp\u00edrito ou estou fechado?\u201d.<\/p>\n<p>O Papa finalizou sua reflex\u00e3o pedindo \u00e0 Virgem \u201cque nos ajude a entender que em cada ser humano existe a marca de Deus, fonte da vida\u201d.<\/p>\n<p>&nbsp;<\/p>\n<p>Fonte: Acidigital<\/p>\n","protected":false},"excerpt":{"rendered":"<p>O Papa Francisco recordou novamente a import\u00e2ncia da fam\u00edlia, pois \u00e9 \u201cum santu\u00e1rio da vida\u201d, e assinalou que \u201cna gesta\u00e7\u00e3o de um filho os pais agem como colaboradores de Deus\u201d. Antes da ora\u00e7\u00e3o do \u00c2ngelus neste domingo, 24 de junho, dia em que a Igreja celebra a Natividade de S\u00e3o Jo\u00e3o Batista, o Santo Padre [&hellip;]<\/p>\n","protected":false},"author":1,"featured_media":41800,"comment_status":"open","ping_status":"closed","sticky":false,"template":"","format":"standard","meta":{"footnotes":""},"categories":[13],"tags":[],"class_list":["post-41799","post","type-post","status-publish","format-standard","has-post-thumbnail","hentry","category-featured"],"_links":{"self":[{"href":"https:\/\/catolicanet.net\/wp-cnet\/wp-json\/wp\/v2\/posts\/41799","targetHints":{"allow":["GET"]}}],"collection":[{"href":"https:\/\/catolicanet.net\/wp-cnet\/wp-json\/wp\/v2\/posts"}],"about":[{"href":"https:\/\/catolicanet.net\/wp-cnet\/wp-json\/wp\/v2\/types\/post"}],"author":[{"embeddable":true,"href":"https:\/\/catolicanet.net\/wp-cnet\/wp-json\/wp\/v2\/users\/1"}],"replies":[{"embeddable":true,"href":"https:\/\/catolicanet.net\/wp-cnet\/wp-json\/wp\/v2\/comments?post=41799"}],"version-history":[{"count":1,"href":"https:\/\/catolicanet.net\/wp-cnet\/wp-json\/wp\/v2\/posts\/41799\/revisions"}],"predecessor-version":[{"id":41801,"href":"https:\/\/catolicanet.net\/wp-cnet\/wp-json\/wp\/v2\/posts\/41799\/revisions\/41801"}],"wp:featuredmedia":[{"embeddable":true,"href":"https:\/\/catolicanet.net\/wp-cnet\/wp-json\/wp\/v2\/media\/41800"}],"wp:attachment":[{"href":"https:\/\/catolicanet.net\/wp-cnet\/wp-json\/wp\/v2\/media?parent=41799"}],"wp:term":[{"taxonomy":"category","embeddable":true,"href":"https:\/\/catolicanet.net\/wp-cnet\/wp-json\/wp\/v2\/categories?post=41799"},{"taxonomy":"post_tag","embeddable":true,"href":"https:\/\/catolicanet.net\/wp-cnet\/wp-json\/wp\/v2\/tags?post=41799"}],"curies":[{"name":"wp","href":"https:\/\/api.w.org\/{rel}","templated":true}]}}